{"id":2767,"date":"2017-02-08T20:40:49","date_gmt":"2017-02-08T20:40:49","guid":{"rendered":"http:\/\/www.ardae.ro\/?p=2767"},"modified":"2017-02-21T14:45:49","modified_gmt":"2017-02-21T14:45:49","slug":"lidia-balan","status":"publish","type":"post","link":"http:\/\/www.ardae.ro\/?p=2767","title":{"rendered":"Lidia Balan"},"content":{"rendered":"<p><!--more--><\/p>\n<p><b><a href=\"http:\/\/www.ardae.ro\/wp-content\/uploads\/poza-LIDIA-JPG.jpg\"><img loading=\"lazy\" decoding=\"async\" class=\"alignleft size-medium wp-image-2828\" alt=\"poza LIDIA JPG\" src=\"http:\/\/www.ardae.ro\/wp-content\/uploads\/poza-LIDIA-JPG-221x300.jpg\" width=\"221\" height=\"300\" srcset=\"http:\/\/www.ardae.ro\/wp-content\/uploads\/poza-LIDIA-JPG-221x300.jpg 221w, http:\/\/www.ardae.ro\/wp-content\/uploads\/poza-LIDIA-JPG.jpg 453w\" sizes=\"(max-width: 221px) 100vw, 221px\" \/><\/a>LIDIA LENU\u021aA B\u0102LAN <\/b><b>\u2013 <\/b>Consilier juridic la Institutul Na\u0163ional de Cercetare \u2013 Dezvoltare \u00een domeniul Geologiei, Geofizicii, Geochimiei \u015fi Teledetec\u0163iei, Bucure\u0219ti;<\/p>\n<p>Doctor in drept, din anul 2014, la Universitatea Bucuresti, Facultatea de Drept;<\/p>\n<p>Autor, coautor de c\u0103rti \u0219i articole de specialitate, aria de expertiz\u0103: dreptul mediului, drepturile omului, dreptul Uniunii Europene, dreptul muncii \u0219i membru aderent al ARDAE.<\/p>\n<p>&nbsp;<\/p>\n<p>Membru aderent ARDAE &#8211; Asociatia romana de drept si afaceri europene din 8 februarie 2017<\/p>\n<p>***<\/p>\n<p><a href=\"http:\/\/www.ardae.ro\/?p=436\" target=\"_blank\"><strong>Lista membri aderenti ARDAE \u2013 Asociatia romana de drept si afaceri europene<\/strong><\/a><\/p>\n<p><strong>Revista ARDAE<\/strong>\u00a0\u2013\u00a0<a href=\"http:\/\/iaduer.ro\/\"><em>Afaceri juridice europene<\/em><\/a><a href=\"http:\/\/iaduer.ro\/?p=1285\" target=\"_blank\"><br \/>\n<\/a><\/p>\n<p><strong>PROIECTUL IADUER<\/strong>\u00a0\u2013 interpretarea si aplicarea dreptului Uniunii Europene in Romania \u2013\u00a0<a href=\"http:\/\/iaduer.ro\/?p=162\" target=\"_blank\">Lista trimiterilor preliminare din Romania, inregistrate la CJUE<\/a><\/p>\n<p><a href=\"http:\/\/www.csde.ro\/?page_id=2038\" target=\"_blank\">Dialog &amp; forum Drept si afaceri europene in Romania<\/a><\/p>\n<p><a href=\"https:\/\/eubusinesslaw.wordpress.com\/evenimente-drept-european-ardae\/\" target=\"_blank\"><strong>Evenimente drept european \u2013 ARDAE \u2013 Asociatia romana de drept si afaceri europene<\/strong><\/a><\/p>\n","protected":false},"excerpt":{"rendered":"","protected":false},"author":1,"featured_media":0,"comment_status":"closed","ping_status":"open","sticky":false,"template":"","format":"standard","meta":{"footnotes":""},"categories":[10],"tags":[],"class_list":["post-2767","post","type-post","status-publish","format-standard","hentry","category-membri-aderenti"],"_links":{"self":[{"href":"http:\/\/www.ardae.ro\/index.php?rest_route=\/wp\/v2\/posts\/2767"}],"collection":[{"href":"http:\/\/www.ardae.ro\/index.php?rest_route=\/wp\/v2\/posts"}],"about":[{"href":"http:\/\/www.ardae.ro\/index.php?rest_route=\/wp\/v2\/types\/post"}],"author":[{"embeddable":true,"href":"http:\/\/www.ardae.ro\/index.php?rest_route=\/wp\/v2\/users\/1"}],"replies":[{"embeddable":true,"href":"http:\/\/www.ardae.ro\/index.php?rest_route=%2Fwp%2Fv2%2Fcomments&post=2767"}],"version-history":[{"count":3,"href":"http:\/\/www.ardae.ro\/index.php?rest_route=\/wp\/v2\/posts\/2767\/revisions"}],"predecessor-version":[{"id":2829,"href":"http:\/\/www.ardae.ro\/index.php?rest_route=\/wp\/v2\/posts\/2767\/revisions\/2829"}],"wp:attachment":[{"href":"http:\/\/www.ardae.ro\/index.php?rest_route=%2Fwp%2Fv2%2Fmedia&parent=2767"}],"wp:term":[{"taxonomy":"category","embeddable":true,"href":"http:\/\/www.ardae.ro\/index.php?rest_route=%2Fwp%2Fv2%2Fcategories&post=2767"},{"taxonomy":"post_tag","embeddable":true,"href":"http:\/\/www.ardae.ro\/index.php?rest_route=%2Fwp%2Fv2%2Ftags&post=2767"}],"curies":[{"name":"wp","href":"https:\/\/api.w.org\/{rel}","templated":true}]}}