{"id":2758,"date":"2017-02-08T20:07:33","date_gmt":"2017-02-08T20:07:33","guid":{"rendered":"http:\/\/www.ardae.ro\/?p=2758"},"modified":"2017-02-16T23:19:21","modified_gmt":"2017-02-16T23:19:21","slug":"carmen-patrut","status":"publish","type":"post","link":"http:\/\/www.ardae.ro\/?p=2758","title":{"rendered":"Carmen Patrut"},"content":{"rendered":"<p><!--more--><\/p>\n<p>Caremen Patrut<\/p>\n<p>&nbsp;<\/p>\n<p><strong>Carmen P\u0103tru\u021b<\/strong> este licen\u021biat\u0103 \u00een \u0219tiin\u021be economice, cu specializare \u00een domeniul comer\u021bului (ASE Bucure\u0219ti), rela\u021biilor interna\u021bionale (SNSPA Bucure\u0219ti) \u0219i economie european\u0103 (Centrul European Universitar Nancy-Fran\u021ba).<\/p>\n<p>Din anul 1990 lucreaz\u0103 \u00een administra\u021bia public\u0103, \u00een domeniul preg\u0103tirii ader\u0103rii la Uniunea Europeana: strategii de dezvoltare local\u0103, implementarea acquis-ului comunitar, dezvoltare regional\u0103 (Programul Phare Coeziune Economic\u0103 \u0219i Social\u0103), redactor la revista Consilier european (2004-2006).<\/p>\n<p>Incep\u00e2nd cu anul 2007 este consilier pentru afaceri europene, cu activitate \u00een domeniul aplic\u0103rii \u00a0legisla\u021biei nationale \u0219i europene privind ajutoarele de stat pentru industrie \u0219i sectorul energetic, \u00a0expert evaluare proiecte finan\u021bate prin Programul Opera\u021bional Regional, informare \u0219i comunicare teme de interes general cu privire la procesul de integrare european\u0103.<\/p>\n<p>Membru aderent ARDAE &#8211; Asociatia romana de drept si afaceri europene din 7 februarie 2017.<\/p>\n<p>***<\/p>\n<p><a href=\"http:\/\/www.ardae.ro\/?p=436\" target=\"_blank\"><strong>Lista membri aderenti ARDAE \u2013 Asociatia romana de drept si afaceri europene<\/strong><\/a><\/p>\n<p><strong>Revista ARDAE<\/strong>\u00a0\u2013\u00a0<a href=\"http:\/\/iaduer.ro\/\"><em>Afaceri juridice europene<\/em><\/a><a href=\"http:\/\/iaduer.ro\/?p=1285\" target=\"_blank\"><br \/>\n<\/a><\/p>\n<p><strong>PROIECTUL IADUER<\/strong>\u00a0\u2013 interpretarea si aplicarea dreptului Uniunii Europene in Romania \u2013\u00a0<a href=\"http:\/\/iaduer.ro\/?p=162\" target=\"_blank\">Lista trimiterilor preliminare din Romania, inregistrate la CJUE<\/a><\/p>\n<p><a href=\"http:\/\/www.csde.ro\/?page_id=2038\" target=\"_blank\">Dialog &amp; forum Drept si afaceri europene in Romania<\/a><\/p>\n<p><a href=\"https:\/\/eubusinesslaw.wordpress.com\/evenimente-drept-european-ardae\/\" target=\"_blank\"><strong>Evenimente drept european \u2013 ARDAE \u2013 Asociatia romana de drept si afaceri europene<\/strong><\/a><\/p>\n","protected":false},"excerpt":{"rendered":"","protected":false},"author":1,"featured_media":0,"comment_status":"closed","ping_status":"open","sticky":false,"template":"","format":"standard","meta":{"footnotes":""},"categories":[10],"tags":[],"class_list":["post-2758","post","type-post","status-publish","format-standard","hentry","category-membri-aderenti"],"_links":{"self":[{"href":"http:\/\/www.ardae.ro\/index.php?rest_route=\/wp\/v2\/posts\/2758"}],"collection":[{"href":"http:\/\/www.ardae.ro\/index.php?rest_route=\/wp\/v2\/posts"}],"about":[{"href":"http:\/\/www.ardae.ro\/index.php?rest_route=\/wp\/v2\/types\/post"}],"author":[{"embeddable":true,"href":"http:\/\/www.ardae.ro\/index.php?rest_route=\/wp\/v2\/users\/1"}],"replies":[{"embeddable":true,"href":"http:\/\/www.ardae.ro\/index.php?rest_route=%2Fwp%2Fv2%2Fcomments&post=2758"}],"version-history":[{"count":4,"href":"http:\/\/www.ardae.ro\/index.php?rest_route=\/wp\/v2\/posts\/2758\/revisions"}],"predecessor-version":[{"id":2814,"href":"http:\/\/www.ardae.ro\/index.php?rest_route=\/wp\/v2\/posts\/2758\/revisions\/2814"}],"wp:attachment":[{"href":"http:\/\/www.ardae.ro\/index.php?rest_route=%2Fwp%2Fv2%2Fmedia&parent=2758"}],"wp:term":[{"taxonomy":"category","embeddable":true,"href":"http:\/\/www.ardae.ro\/index.php?rest_route=%2Fwp%2Fv2%2Fcategories&post=2758"},{"taxonomy":"post_tag","embeddable":true,"href":"http:\/\/www.ardae.ro\/index.php?rest_route=%2Fwp%2Fv2%2Ftags&post=2758"}],"curies":[{"name":"wp","href":"https:\/\/api.w.org\/{rel}","templated":true}]}}