{"id":2712,"date":"2017-01-28T03:19:37","date_gmt":"2017-01-28T03:19:37","guid":{"rendered":"http:\/\/www.ardae.ro\/?p=2712"},"modified":"2017-01-28T03:22:58","modified_gmt":"2017-01-28T03:22:58","slug":"conferinta-perspectivele-uniunii-europene-romania-la-bilant-dupa-un-deceniu-de-la-aderare-bucuresti-18-19-mai-2017","status":"publish","type":"post","link":"http:\/\/www.ardae.ro\/?p=2712","title":{"rendered":"Conferinta Perspectivele Uniunii Europene. Rom\u00e2nia la bilan\u021b dup\u0103 un deceniu de la aderare, Bucure\u0219ti, 18-19 mai 2017"},"content":{"rendered":"<p><!--more--><\/p>\n<p align=\"center\"><strong>CONFERIN\u0162A INTERNA\u0162IONAL\u0102 DE DREPT, STUDII EUROPENE \u015eI RELA\u0162II INTERNA\u0162IONALE, EDI\u021aIA A IV-A<\/strong><\/p>\n<p align=\"center\"><strong>Universitatea Titu Maiorescu-Facultatea de Drept<\/strong><\/p>\n<p align=\"center\"><strong>Tema:\u00a0<\/strong><strong>Perspectivele Uniunii Europene. Rom\u00e2nia la bilan\u021b dup\u0103 un deceniu de la aderare<\/strong><\/p>\n<p align=\"center\"><strong>\u00a0Bucure\u0219ti, 18-19 MAI 2017<\/strong><\/p>\n<p>Cu o experien\u0163\u0103 de un deceniu \u00een organizarea conferin\u0163ei interna\u0163ionale<strong>\u00a0<em>\u201cEduca\u0163ie \u015fi creativitate pentru o societate bazat\u0103 pe cunoa\u015ftere\u201d,<\/em>\u00a0UNIVERSITATEA TITU MAIORESCU din\u00a0<\/strong><strong>Bucure\u015fti<\/strong>\u00a0a lansat, \u00een anul 2013, o nou\u0103 provocare \u015ftiin\u0163ific\u0103 prin organizarea\u00a0<strong>Conferin\u0163ei Interna\u0163ionale de Drept, Studii Europene \u015fi Rela\u0163ii Interna\u0163ionale.\u00a0<\/strong>La primele edi\u021bii au fost prezentate peste 250 de lucr\u0103ri \u0219tiin\u021bifice ale unor reputa\u021bi profesori, cercet\u0103tori \u0219i doctoranzi din Rom\u00e2nia \u0219i din str\u0103in\u0103tate. Desf\u0103\u0219urate trilingv, \u00een rom\u00e2n\u0103, englez\u0103 \u0219i francez\u0103, cele dou\u0103 edi\u021bii s-au bucurat de prezen\u021ba a peste 10 profesori de la universit\u0103\u021bi din Spania, Italia, Fran\u021ba, Israel.<\/p>\n<p>Volumele editate \u00een cadrul celor trei edi\u021bii ale conferin\u021bei, realizate la Editura Hamangiu, au fost distribuite fiec\u0103rui participant la \u00eenceperea lucr\u0103rilor \u0219i, ulterior, au fost distribuite la cei mai reputa\u021bi profesori din Rom\u00e2nia, precum \u0219i \u00een bibliotecile universitare. Volumele au ISBN 978-606-678-642-3, ISBN 978-606-27-0020-1, ISBN 978-606-27-0607-4.<\/p>\n<p><strong><em>Conferin\u0163a interna\u0163ional\u0103 de drept<\/em><\/strong>\u00a0\u00ee\u015fi propune s\u0103 reuneasc\u0103 laolalt\u0103 oameni de \u015ftiin\u0163\u0103 din structura academic\u0103, cercet\u0103tori, cadre didactice universitare, doctoranzi, studen\u0163i \u015fi nu \u00een ultimul r\u00e2nd, practicieni ai dreptului, pentru a face schimb \u015fi a \u00eemp\u0103rt\u0103\u015fi experien\u0163ele \u015fi rezultatele lor de cercetare cu privire la cele mai diverse aspecte legate de\u00a0<em>reformarea legisla\u0163iei \u00een spiritul noilor curente na\u0163ionale, europene \u015fi interna\u0163ionale<\/em>, precum \u015fi pentru a discuta despre provoc\u0103rile practice \u00eent\u00e2lnite \u015fi solu\u0163iile adoptate.<\/p>\n<p>Avem convingerea c\u0103 aceast\u0103 important\u0103 manifestare \u015ftiin\u0163ific\u0103 va fi una dintre cele mai prestigioase evenimente din calendarul juridic na\u0163ional, cu ecou interna\u0163ional, oferind o oportunitate pentru discutarea problemelor de actualitate, care afecteaz\u0103 comunitatea juridic\u0103, urm\u0103rind s\u0103 eviden\u0163ieze noi solu\u0163ii \u015fi interpret\u0103ri.<\/p>\n<p>\u00centr-o lume \u00een care sistemele juridice interfereaz\u0103 tot mai mult, tradi\u0163ia juridic\u0103 necesit\u0103 o\u00a0<em>upgradare<\/em>\u00a0perpetu\u0103 pentru a r\u0103spunde diversit\u0103\u0163ii. Conferin\u0163a pleac\u0103 de la ideea c\u0103 LEGEA nu se dezvolt\u0103 abstract, ci este modelat\u0103 de societate, de realitatea economic-social\u0103, de medii intelectuale, culturale \u015fi lingvistice, dar mai ales de necesit\u0103\u0163i imediate \u015fi de imprimarea unor solu\u0163ii adecvate.<\/p>\n<p>V\u0103 invit\u0103m s\u0103 fi\u0163i o fereastr\u0103 deschis\u0103 a noilor interpret\u0103ri.<\/p>\n<p>Prezentarea lucr\u0103rilor conferin\u021bei se va desf\u0103\u0219ura pe\u00a0 urm\u0103toarele sec\u0163iuni: Drept privat; Drept public; Drept penal, Drept interna\u021bional \u0219i european. Organizarea \u015fi desf\u0103\u015furarea Conferin\u0163ei Interna\u0163ionale de Drept, Studii Europene \u015fi Rela\u0163ii Interna\u0163ionale-2017 se realizeaz\u0103 \u00een parteneriat cu Editura Hamangiu, Asocia\u0163ia Rom\u00e2n\u0103 de Drept \u015fi Afaceri Europene \u015fi Societatea Rom\u00e2n\u0103 de Drept European.<\/p>\n<p>Conferin\u0163a se va desf\u0103\u015fura \u00een Bucure\u015fti, la sediul Facult\u0103\u0163ii de Drept-Universitatea Titu Maiorescu, din Calea V\u0103c\u0103re\u015fti nr.187, sector 4.<\/p>\n<p>Informa\u0163ii privind Conferin\u0163a g\u0103si\u0163i pe site-ul Universit\u0103\u0163ii Titu Maiorescu\/Facultatea de Drept \u2013\u00a0<strong><a href=\"http:\/\/www.utm.ro\/\">www.utm.ro<\/a><\/strong>.<\/p>\n<p><strong>\u00a0<\/strong><\/p>\n<p><strong>TERMENE<\/strong><\/p>\n<p>-Expedierea studiului-termen limit\u0103 19 martie 2017 (expedierea studiului se va face \u00een limba englez\u0103 \u015fi \u00een limba rom\u00e2n\u0103);<\/p>\n<p>-Notificarea accept\u0103rii studiului propus-2 aprilie 2017;<\/p>\n<p>-Publicarea programului conferin\u0163ei-11 mai 2017;<\/p>\n<p>-Desf\u0103\u015furarea Conferin\u0163ei-18-19 mai 2017.<\/p>\n<p>&nbsp;<\/p>\n<p><strong>INFORMA\u0162II PRIVIND AUTORII<\/strong><\/p>\n<p>Studiile vor fi trimise la adresa:\u00a0<strong><a href=\"mailto:conferinta.drept.2017@univ.utm.ro\">conferinta.drept.2017@univ.utm.ro<\/a><\/strong>\u2013 persoane de contact Petru\u021ba Ispas -0747.64.79.62, Daniela Panc- 0747.25.48.25. Condi\u021biile de redactare se descarc\u0103\u00a0<a href=\"http:\/\/www.utm.ro\/wp-content\/uploads\/2017\/01\/Cerinte_redactare_conferinta_Drept_2017.pdf\" target=\"_blank\"><strong>de aici<\/strong><\/a>.<\/p>\n<p>Fiecare autor poate participa la Conferin\u0163a Interna\u0163ional\u0103 de Drept, Studii Europene \u015fi Rela\u0163ii Interna\u0163ionale cu un singur articol. Taxa se achit\u0103 pe articol \u015fi\u00a0 nu\u00a0 pe autori.<\/p>\n<p><strong>Taxa de participare<\/strong>:<\/p>\n<p>-350 pentru publicarea \u00een volumul Conferin\u021bei \u0219i indexarea \u00een ISI \u2013Proceeding \u015fi Hein Online.<\/p>\n<p><strong>Taxa de participare se achit\u0103 \u00een momentul trimiterii articolului.<\/strong><\/p>\n<p><strong>Taxa se va pl\u0103ti \u00een contul Universit\u0103\u0163ii Titu Maiorescu din Bucure\u015fti, \u00een urm\u0103torul\u00a0<\/strong><strong>cont deschis la B.C.R., Agen\u021bia Timpuri Noi-RO49RNCB0546029228350001, Cod fiscal:RO4337662 sau la Casieria Universitatii Titu Maiorescu-str.Dambovnicului, nr.22, sector 4 Bucuresti<\/strong><\/p>\n<p>Pe documentul de plata trebuie s\u0103 existe men\u0163iunea ,,Conferin\u0163a Interna\u0163ional\u0103 de Drept, Studii Europene \u015fi Rela\u0163ii Interna\u0163ionale 2017\u201d.<\/p>\n<p>Ordinul de plat\u0103 trebuie comunicat pe adresa:\u00a0<strong><a href=\"mailto:conferinta.drept.2017@univ.utm.ro\">conferinta.drept.2017@univ.utm.ro<\/a><\/strong><\/p>\n<p>Taxa de participare nu se restituie \u00een cazul \u00een care recenzorii apreciaz\u0103 c\u0103 articolul nu poate fi indexat ne\u00eendeplinind\u00a0 condi\u021biile de fond \u0219i de form\u0103 solicitate de rigorile cercet\u0103rii \u0219tiin\u021bifice.<\/p>\n<p><a href=\"http:\/\/www.utm.ro\/conferinta-internationala-de-drept-studii-europene-si-relatii-internationale-2017\/\" target=\"_blank\">SURSA<\/a><\/p>\n","protected":false},"excerpt":{"rendered":"","protected":false},"author":1,"featured_media":0,"comment_status":"closed","ping_status":"open","sticky":false,"template":"","format":"standard","meta":{"footnotes":""},"categories":[48],"tags":[],"class_list":["post-2712","post","type-post","status-publish","format-standard","hentry","category-evenimente"],"_links":{"self":[{"href":"http:\/\/www.ardae.ro\/index.php?rest_route=\/wp\/v2\/posts\/2712"}],"collection":[{"href":"http:\/\/www.ardae.ro\/index.php?rest_route=\/wp\/v2\/posts"}],"about":[{"href":"http:\/\/www.ardae.ro\/index.php?rest_route=\/wp\/v2\/types\/post"}],"author":[{"embeddable":true,"href":"http:\/\/www.ardae.ro\/index.php?rest_route=\/wp\/v2\/users\/1"}],"replies":[{"embeddable":true,"href":"http:\/\/www.ardae.ro\/index.php?rest_route=%2Fwp%2Fv2%2Fcomments&post=2712"}],"version-history":[{"count":1,"href":"http:\/\/www.ardae.ro\/index.php?rest_route=\/wp\/v2\/posts\/2712\/revisions"}],"predecessor-version":[{"id":2713,"href":"http:\/\/www.ardae.ro\/index.php?rest_route=\/wp\/v2\/posts\/2712\/revisions\/2713"}],"wp:attachment":[{"href":"http:\/\/www.ardae.ro\/index.php?rest_route=%2Fwp%2Fv2%2Fmedia&parent=2712"}],"wp:term":[{"taxonomy":"category","embeddable":true,"href":"http:\/\/www.ardae.ro\/index.php?rest_route=%2Fwp%2Fv2%2Fcategories&post=2712"},{"taxonomy":"post_tag","embeddable":true,"href":"http:\/\/www.ardae.ro\/index.php?rest_route=%2Fwp%2Fv2%2Ftags&post=2712"}],"curies":[{"name":"wp","href":"https:\/\/api.w.org\/{rel}","templated":true}]}}