{"id":2654,"date":"2017-01-03T20:02:29","date_gmt":"2017-01-03T20:02:29","guid":{"rendered":"http:\/\/www.ardae.ro\/?p=2654"},"modified":"2020-03-22T08:35:25","modified_gmt":"2020-03-22T08:35:25","slug":"integrarea-juridica-a-romaniei-in-uniunea-europeana-un-bilant-la-10-ani-proiect-de-cercetare-2017","status":"publish","type":"post","link":"http:\/\/www.ardae.ro\/?p=2654","title":{"rendered":"Integrarea juridic\u0103 a Rom\u00e2niei \u00een Uniunea European\u0103. Un bilan\u0163 la 10 ani &#8211; Proiect de cercetare 2017"},"content":{"rendered":"<p><!--more--><\/p>\n<p align=\"center\"><b>Integrarea juridic\u0103 a Rom\u00e2niei \u00een Uniunea European\u0103. Un bilan\u0163 la 10 ani<\/b><\/p>\n<p align=\"center\"><strong>proiect de cercetare<\/strong><\/p>\n<p>&nbsp;<\/p>\n<p style=\"text-align: justify;\">Efectele ader\u0103rii Rom\u00e2niei la Uniunea European\u0103, produs\u0103 \u00een 2007, se concretizeaz\u0103 \u00een fiecare zi. Statutul de membru a presupus eforturi constante privind integrarea juridic\u0103 (legislativ\u0103) \u015fi institu\u021bional\u0103. Institu\u021biile rom\u00e2ne trebuie analizate \u00een privin\u021ba eficien\u021bei, a preg\u0103tirii pentru aplicarea dreptului european. Prin intermediul instan\u021belor judec\u0103tore\u0219ti s-a realizat dialogul jurisdic\u0163ional cu Curtea de Justi\u0163ie a Uniunii Europene (CJUE). Instan\u0163ele judec\u0103tore\u015fti rom\u00e2ne au aplicat \u015fi aplic\u0103 dreptul Uniunii Europene \u00een mod curent. Totodat\u0103, ele au adresat CJUE cereri de decizie preliminar\u0103, prin care au solicitat celei din urm\u0103 s\u0103 interpreteze dispozi\u0163ii de drept al Uniunii. Trimiterile preliminare formulate de instan\u0163ele rom\u00e2ne sau ac\u0163iunile \u00een ne\u00eendeplinirea obliga\u0163iilor sunt experien\u0163e care au avut consecin\u0163e jurisdic\u0163ionale \u015fi legislative. Tratatul de la Lisabona a marcat \u00een aceast\u0103 perioad\u0103 un nou \u00eenceput chiar pentru Uniunea European\u0103. Aplicarea dispozi\u0163iilor modificatoare, dar \u015fi apari\u0163ia crizelor (economice, privind migra\u0163ia sau Brexitul) sunt interesante nu doar pentru Rom\u00e2nia dar \u015fi la nivel mai larg, european. O analiz\u0103 pertient\u0103 \u00een acest context, trebuie s\u0103 fie realizat\u0103 dintr-o perspectiv\u0103 rom\u00e2neasc\u0103. A sosit timpul pentru un bilan\u0163 juridic, legislativ \u015fi judiciar, la 10 ani de la momentul la care Rom\u00e2nia a devenit membru al Uniunii Europene.<\/p>\n<p>ARDAE \u2013 Asocia\u0163ia rom\u00e2n\u0103 de drept \u015fi afaceri europene \u015fi SSJ \u2013 Societatea de \u015etiin\u0163e Juridice vor derula programul de cercetare \u201e<b>Integrarea juridic\u0103 a Rom\u00e2niei \u00een Uniunea European\u0103. Un bilan\u0163 la 10 ani<\/b>\u201d \u00eempreun\u0103 cu partenerii lor, institu\u0163ii publice \u015fi private, \u015fi \u00ee\u015fi propune s\u0103 realizeze activit\u0103\u0163i de cercetare, conferin\u0163e tematice, volume \u015fi studii.<\/p>\n<p><strong>Parteneri din mediul academic si de cercetare:<\/strong><\/p>\n<p>CSDE &#8211; Centrul de studii de drept european al Institutului de Cercetari Juridice Acad. Andrei Radulescu al Academiei Romane<\/p>\n<p>Universitatea din Bucuresti<\/p>\n<p>Universitatea Petru Maior, targu Mures<\/p>\n<p>Universitatea 1 Decembrie, Alba Iulia<\/p>\n<p>Universitatea Titu Maiorescu<\/p>\n<p><strong>Parteneri institutionali:<\/strong><\/p>\n<p>Reprezentanta Comisie Europene in Romania<\/p>\n<p>Institutul European din Romania<\/p>\n<p><strong>Calendarul evenimentelor:<\/strong><\/p>\n<p><a title=\"Permanent link to DEZBATERE CULTURA DREPTULUI EUROPEAN: DREPT \u015eI POLITIC\u0102 \u00ceN UNIUNEA EUROPEAN\u0102, 24 februarie 2017\" href=\"http:\/\/www.ardae.ro\/?p=2836\" rel=\"bookmark\" rev=\"post-2836\">DEZBATERE CULTURA DREPTULUI EUROPEAN: DREPT \u015eI POLITIC\u0102 \u00ceN UNIUNEA EUROPEAN\u0102, 24 februarie 2017<\/a><\/p>\n<p><a title=\"Permanent link to AGENDA. Conferin\u0163a na\u0163ional\u0103 Impactul protec\u0163iei datelor personale asupra mediului de afaceri. Evalu\u0103ri ale experien\u0163elor rom\u00e2ne\u015fti \u0219i noile provoc\u0103ri ale Regulamentului (UE) 2016\/679, Universitatea Petru-Maior, T\u00e2rgu-Mure\u015f, 17-18 martie 2017\" href=\"http:\/\/www.ardae.ro\/?p=3043\" rel=\"bookmark\" rev=\"post-3043\">AGENDA. Conferin\u0163a na\u0163ional\u0103 Impactul protec\u0163iei datelor personale asupra mediului de afaceri. Evalu\u0103ri ale experien\u0163elor rom\u00e2ne\u015fti \u0219i noile provoc\u0103ri ale Regulamentului (UE) 2016\/679, Universitatea Petru-Maior, T\u00e2rgu-Mure\u015f, 17-18 martie 2017<\/a><\/p>\n<p><a href=\"https:\/\/eubusinesslaw.wordpress.com\/2016\/12\/12\/institutul-de-cercetari-juridice-acad-andrei-radulescu-10-ani-de-la-aderarea-romaniei-la-uniunea-europeana-impactul-asupra-evolutiei-dreptului-romanesc-31-martie-2017\/\" rel=\"bookmark\">Institutul de Cercet\u0103ri Juridice \u201eAcad.Andrei R\u0103dulescu\u201d: 10 ani de la aderarea Rom\u00e2niei la Uniunea European\u0103. Impactul asupra evolu\u021biei dreptului rom\u00e2nesc, 31 martie&nbsp;2017<\/a><\/p>\n<p><a title=\"Permanent link to UBB: Conferin\u021ba \u201e10 ani de la aderarea Rom\u00e2niei la UE\u201d, 27 aprilie 2017\" href=\"http:\/\/www.ardae.ro\/?p=3167\" rel=\"bookmark\" rev=\"post-3167\">UBB: Conferin\u021ba \u201e10 ani de la aderarea Rom\u00e2niei la UE\u201d, 27 aprilie 2017<\/a><\/p>\n<p><a title=\"Permanent link to UPM: Achizi\u021bii publice \u2013 conferinta \u201cUn an de la intrarea \u00een vigoare a noii legisla\u021bii a achizi\u021biilor publice\u201d si eveniment de lansare masterat, 26 aprilie 2017\" href=\"http:\/\/www.ardae.ro\/?p=3244\" rel=\"bookmark\" rev=\"post-3244\">UPM: Achizi\u021bii publice \u2013 conferinta \u201cUn an de la intrarea \u00een vigoare a noii legisla\u021bii a achizi\u021biilor publice\u201d si eveniment de lansare masterat, 26 aprilie 2017<\/a><\/p>\n<p><a title=\"Permanent link to Conferinta Perspectivele Uniunii Europene. Rom\u00e2nia la bilan\u021b dup\u0103 un deceniu de la aderare, Bucure\u0219ti, 18-19 mai 2017\" href=\"http:\/\/www.ardae.ro\/?p=2712\" rel=\"bookmark\">Conferinta Perspectivele Uniunii Europene. Rom\u00e2nia la bilan\u021b dup\u0103 un deceniu de la aderare, Bucure\u0219ti, 18-19 mai 2017<\/a><\/p>\n<p><b>Asocia\u0163ii:<\/b><\/p>\n<p>Forumul Judec\u0103torilor din Rom\u00e2nia<\/p>\n<p>LegalITC<\/p>\n<p>AEXA &#8211; Asociatia expertilor in achizitii<\/p>\n<p>&nbsp;<\/p>\n<p><strong>Comitet stiintific organizatoric:<\/strong><\/p>\n<p>Dr. Irina Alexe<\/p>\n<p>Tudor Avrigeanu, CS II,&nbsp;Institutul de Cercetari Juridice al Academiei Rom\u00e2ne<\/p>\n<p>Constantin-Mihai Banu, cercetator asociat CSDE<\/p>\n<p>Dragos Alin Calin &#8211; cercetator asociat CSDE, judecator Curtea de Apel Bucuresti<\/p>\n<p>Prof. univ. dr. Valerius M. Ciuca, Universitatea Alexandru Ioan Cuza, Iasi<\/p>\n<p>Dr. Liviu Damsa,&nbsp;University of Warwick<\/p>\n<p>Prof. univ. dr. Dacian Dragos, Universitatea Babes-Bolyai<\/p>\n<p>Dr. Catalina Goanta,&nbsp;Maastricht European Private Law Institute fellow<\/p>\n<p>Conf. univ. dr. Gabriel Liviu Ispas, Universiatea Titu Maiorescu<\/p>\n<p>Conf. univ. dr. Ioan Lazar, Universitatea 1 Decembrie, Alba Iulia<\/p>\n<p>Lector univ. dr. Codrin Macovei, Universitatea Alexandru Ioan Cuza, Iasi<\/p>\n<p>Conf. univ. dr. Gina Orga-Dimitriu, Universitatea Lucian Blaga Sibiu<\/p>\n<p>Conf. univ. dr. Nicolae Dragos Ploesteanu, Universitatea Petru Maior<\/p>\n<p>Lect.univ.dr.&nbsp;Marieta Safta, prim magistrat-asistent&nbsp; Curtea Constitu\u0163ional\u0103 &nbsp;a Rom\u00e2niei; Universitatea Titu Maiorescu<\/p>\n<p>Dr. Andrei Savescu, Presedinte executiv, Societatea de Stiinte Juridice<\/p>\n<p>Prof. univ. dr. Daniel Mihail Sandru, Presedinte Asociatia romana de drept si afaceri europene<\/p>\n<p>Prof. univ. dr. Simina Elena Tanasescu, Universitatea din Bucuresti<\/p>\n<p>Conf. univ. dr. Luminita Tuleasca, Universitatea Romano-Americana<\/p>\n<p>&nbsp;<\/p>\n<p>Web:&nbsp;<a href=\"https:\/\/www.researchgate.net\/project\/Integrarea-juridica-a-Romaniei-in-Uniunea-Europeana-Un-bilant-la-10-ani\" target=\"_blank\">researchgate<\/a>, <a href=\"http:\/\/www.juridice.ro\/486694\/integrarea-juridica-a-romaniei-in-uniunea-europeana-un-bilant-la-10-ani.html\" target=\"_blank\">JURIDICE.ro<\/a>,&nbsp;<a href=\"http:\/\/www.editurauniversitara.ro\/\" target=\"_blank\">Editura Universitara<\/a>, <a href=\"https:\/\/works.bepress.com\/mihai-sandru\/3\/\" target=\"_blank\">works.bepress.com<\/a><\/p>\n","protected":false},"excerpt":{"rendered":"","protected":false},"author":1,"featured_media":0,"comment_status":"closed","ping_status":"open","sticky":false,"template":"","format":"standard","meta":{"footnotes":""},"categories":[48,3,57],"tags":[],"class_list":["post-2654","post","type-post","status-publish","format-standard","hentry","category-evenimente","category-proiecteprojects","category-romaniaeulaw"],"_links":{"self":[{"href":"http:\/\/www.ardae.ro\/index.php?rest_route=\/wp\/v2\/posts\/2654"}],"collection":[{"href":"http:\/\/www.ardae.ro\/index.php?rest_route=\/wp\/v2\/posts"}],"about":[{"href":"http:\/\/www.ardae.ro\/index.php?rest_route=\/wp\/v2\/types\/post"}],"author":[{"embeddable":true,"href":"http:\/\/www.ardae.ro\/index.php?rest_route=\/wp\/v2\/users\/1"}],"replies":[{"embeddable":true,"href":"http:\/\/www.ardae.ro\/index.php?rest_route=%2Fwp%2Fv2%2Fcomments&post=2654"}],"version-history":[{"count":32,"href":"http:\/\/www.ardae.ro\/index.php?rest_route=\/wp\/v2\/posts\/2654\/revisions"}],"predecessor-version":[{"id":3791,"href":"http:\/\/www.ardae.ro\/index.php?rest_route=\/wp\/v2\/posts\/2654\/revisions\/3791"}],"wp:attachment":[{"href":"http:\/\/www.ardae.ro\/index.php?rest_route=%2Fwp%2Fv2%2Fmedia&parent=2654"}],"wp:term":[{"taxonomy":"category","embeddable":true,"href":"http:\/\/www.ardae.ro\/index.php?rest_route=%2Fwp%2Fv2%2Fcategories&post=2654"},{"taxonomy":"post_tag","embeddable":true,"href":"http:\/\/www.ardae.ro\/index.php?rest_route=%2Fwp%2Fv2%2Ftags&post=2654"}],"curies":[{"name":"wp","href":"https:\/\/api.w.org\/{rel}","templated":true}]}}