{"id":2646,"date":"2016-12-13T04:26:19","date_gmt":"2016-12-13T04:26:19","guid":{"rendered":"http:\/\/www.ardae.ro\/?p=2646"},"modified":"2016-12-13T04:26:19","modified_gmt":"2016-12-13T04:26:19","slug":"dezbateri-juridice-ro-constitutia-romaniei-incotro-12-decembrie-2016","status":"publish","type":"post","link":"http:\/\/www.ardae.ro\/?p=2646","title":{"rendered":"DEZBATERI JURIDICE.ro: CONSTITU\u021aIA ROM\u00c2NIEI \u00ceNCOTRO?, 12 decembrie 2016"},"content":{"rendered":"<p><!--more--><\/p>\n<p><strong><a href=\"http:\/\/www.artmark.ro\/\" target=\"_blank\">Galeriile Artmark<\/a><\/strong>\u00a0(Palatul Cesianu-Racovi\u021b\u0103)<\/p>\n<p>Bucure\u0219ti,\u00a0Str. C.A. Rosetti nr. 5<\/p>\n<p>Luni, 12 decembrie 2016, ora 19:30<\/p>\n<div><strong>Invita\u021bi<\/strong>\u00a0[<em>ordine alfabetic\u0103<\/em>]<\/div>\n<div>Prof. univ. dr.\u00a0<a title=\"Dan Claudiu D\u0103ni\u0219or\" href=\"http:\/\/www.juridice.ro\/dan-claudiu-danisor\" target=\"_blank\">Dan Claudiu D\u0103ni\u0219or<\/a>, FACULTATEA DE DREPT A UNIVERSIT\u0102\u021aII DIN CRAIOVA<\/div>\n<div>Prof. univ. dr.\u00a0<a title=\"Ioan Muraru\" href=\"http:\/\/www.juridice.ro\/ioan-muraru\" target=\"_blank\">Ioan Muraru<\/a><\/div>\n<div>Prof. univ. dr.\u00a0<a href=\"http:\/\/www.juridice.ro\/mihai-sandru\" target=\"_blank\">Daniel-Mihail Sandru<\/a>,\u00a0Presedinte Societatea de Stiinte Juridice<\/div>\n<div>Av. dr.\u00a0<a title=\"Florentin \u0162UCA\" href=\"http:\/\/www.juridice.ro\/florentin-tuca\" target=\"_blank\">Florentin \u0162uca<\/a>, Managing Partener \u021aUCA ZB\u00c2RCEA \u0218I ASOCIA\u021aII<\/div>\n<div><\/div>\n<div><strong>Moderatori<\/strong><\/div>\n<div>Prof. univ. dr.\u00a0<a title=\"\u0218tefan Deaconu\" href=\"http:\/\/www.juridice.ro\/stefan-deaconu\" target=\"_blank\">\u0218tefan Deaconu<\/a>, FACULTATEA DE DREPT A UNIVERSIT\u0102\u021aII DIN BUCURE\u0218TI<\/div>\n<div><\/div>\n<div>Participarea \u00een sal\u0103 este rezervat\u0103\u00a0<a href=\"http:\/\/www.juridice.ro\/365\" target=\"_blank\">membrilor<\/a>\u00a0\u0219i invita\u021bilor.<\/div>\n<p>Pentru \u00eentreb\u0103ri\/subteme v\u0103 rug\u0103m s\u0103 ne\u00a0<a href=\"http:\/\/dezbateri.juridice.ro\/contact\">scrie\u021bi<\/a>.<\/p>\n<p><a href=\"http:\/\/dezbateri.juridice.ro\/6818\/constitutia-romaniei-incotro\" target=\"_blank\">FORMULAR DE \u00ceNSCRIERE SI DETALII<\/a><\/p>\n","protected":false},"excerpt":{"rendered":"","protected":false},"author":1,"featured_media":0,"comment_status":"closed","ping_status":"open","sticky":false,"template":"","format":"standard","meta":{"footnotes":""},"categories":[48],"tags":[],"class_list":["post-2646","post","type-post","status-publish","format-standard","hentry","category-evenimente"],"_links":{"self":[{"href":"http:\/\/www.ardae.ro\/index.php?rest_route=\/wp\/v2\/posts\/2646"}],"collection":[{"href":"http:\/\/www.ardae.ro\/index.php?rest_route=\/wp\/v2\/posts"}],"about":[{"href":"http:\/\/www.ardae.ro\/index.php?rest_route=\/wp\/v2\/types\/post"}],"author":[{"embeddable":true,"href":"http:\/\/www.ardae.ro\/index.php?rest_route=\/wp\/v2\/users\/1"}],"replies":[{"embeddable":true,"href":"http:\/\/www.ardae.ro\/index.php?rest_route=%2Fwp%2Fv2%2Fcomments&post=2646"}],"version-history":[{"count":2,"href":"http:\/\/www.ardae.ro\/index.php?rest_route=\/wp\/v2\/posts\/2646\/revisions"}],"predecessor-version":[{"id":2648,"href":"http:\/\/www.ardae.ro\/index.php?rest_route=\/wp\/v2\/posts\/2646\/revisions\/2648"}],"wp:attachment":[{"href":"http:\/\/www.ardae.ro\/index.php?rest_route=%2Fwp%2Fv2%2Fmedia&parent=2646"}],"wp:term":[{"taxonomy":"category","embeddable":true,"href":"http:\/\/www.ardae.ro\/index.php?rest_route=%2Fwp%2Fv2%2Fcategories&post=2646"},{"taxonomy":"post_tag","embeddable":true,"href":"http:\/\/www.ardae.ro\/index.php?rest_route=%2Fwp%2Fv2%2Ftags&post=2646"}],"curies":[{"name":"wp","href":"https:\/\/api.w.org\/{rel}","templated":true}]}}