{"id":2627,"date":"2016-11-30T14:26:56","date_gmt":"2016-11-30T14:26:56","guid":{"rendered":"http:\/\/www.ardae.ro\/?p=2627"},"modified":"2016-11-30T14:29:57","modified_gmt":"2016-11-30T14:29:57","slug":"adrian-stelian-dumitru","status":"publish","type":"post","link":"http:\/\/www.ardae.ro\/?p=2627","title":{"rendered":"Adrian-Stelian Dumitru"},"content":{"rendered":"<p><!--more--><\/p>\n<p><strong>Adrian-Stelian Dumitru<\/strong><\/p>\n<p>&nbsp;<\/p>\n<p>&#8211;\u00a0\u00a0\u00a0\u00a0\u00a0\u00a0\u00a0\u00a0\u00a0 Licen\u0163iat \u00een \u015ftiin\u0163e administrative \u2013 specializarea administra\u0163ie european\u0103 (2015), \u015ecoala Na\u0163ional\u0103 de Studii Politice \u015fi Administrative<\/p>\n<p>&#8211;\u00a0\u00a0\u00a0\u00a0\u00a0\u00a0\u00a0\u00a0\u00a0 Octombrie 2015 \u2013 prezent: masterand \u00een rela\u0163ii interna\u0163ionale \u015fi integrare european\u0103, \u015ecoala Na\u0163ional\u0103 de Studii Politice \u015fi Administrative<\/p>\n<p>&#8211;\u00a0\u00a0\u00a0\u00a0\u00a0\u00a0\u00a0\u00a0\u00a0 \u00cen prezent, consilier pentru afaceri europene la Ministerul S\u0103n\u0103t\u0103\u0163ii \u2013 Direc\u0163ia Politica Medicamentului \u015fi a Dispozitivelor Medicale<\/p>\n<p>Absolvent al Catedrei Jean Monnet a Comisiei Europene, modulul \u201eBringing European studies to Journalism, Philology, Economics, History, Law and Siciology students\u201d cu specializare \u00een institu\u0163ii, proces decizional \u015fi politici ale Uniunii Europene. Activitatea din cadrul Ministerului S\u0103n\u0103t\u0103\u0163ii presupune transpunerea directivelor europene \u00een domeniul medicamentului, elaborarea proiectelor de acte normative \u00een concordan\u0163\u0103 cu reglement\u0103rile U.E \u00een materie, elaborarea mandatului Rom\u00e2niei pentru grupurile de lucru specifice de la nivelul U.E, participarea la grupuri de lucru \u015fi conferin\u0163e la nivelul U.E.<\/p>\n<p>Articole de specalitate:<\/p>\n<p><a href=\"http:\/\/europolity.eu\/wpcontent\/uploads\/2016\/03\/2.-The-Cooperation-and-VerificationMechanism-for-Romania-and-Bulgaria-%E2%80%93-a-deeper-integration-mechanism-or-inequity.pdf\" target=\"_blank\">&#8220;The Cooperation and Verification Mechanism for Romania and Bulgaria \u2013 a deeper integration mechanism or inequity?&#8221; Centrul de Studii Europene &#8211; martie 2016<\/a><\/p>\n<p>***<\/p>\n<p>Membru\u00a0aderent al\u00a0<a href=\"http:\/\/www.ardae.ro\/\" target=\"_blank\">ARDAE<\/a>\u00a0&#8211; Asociatia romana de drept si afaceri europene din 28 noiembrie 2016<\/p>\n<p>***<\/p>\n<p><a href=\"http:\/\/www.ardae.ro\/?p=436\" target=\"_blank\"><strong>Lista membri aderenti ARDAE \u2013 Asociatia romana de drept si afaceri europene<\/strong><\/a><\/p>\n<p><strong>Revista ARDAE<\/strong>\u00a0\u2013\u00a0<a href=\"http:\/\/iaduer.ro\/\"><em>Afaceri juridice europene<\/em><\/a><a href=\"http:\/\/iaduer.ro\/?p=1285\" target=\"_blank\"><br \/>\n<\/a><\/p>\n<p><strong>PROIECTUL IADUER<\/strong>\u00a0\u2013 interpretarea si aplicarea dreptului Uniunii Europene in Romania \u2013\u00a0<a href=\"http:\/\/iaduer.ro\/?p=162\" target=\"_blank\">Lista trimiterilor preliminare din Romania, inregistrate la CJUE<\/a><\/p>\n<p><a href=\"https:\/\/eubusinesslaw.wordpress.com\/2015\/08\/03\/dialog-forum-drept-si-afaceri-europene-in-romania\/\" target=\"_blank\">Dialog &amp; forum Drept si afaceri europene in Romania<\/a><\/p>\n<p><a href=\"https:\/\/eubusinesslaw.wordpress.com\/evenimente-drept-european-ardae\/\" target=\"_blank\"><strong>Evenimente drept european \u2013 ARDAE \u2013 Asociatia romana de drept si afaceri europene<\/strong><\/a><\/p>\n","protected":false},"excerpt":{"rendered":"","protected":false},"author":1,"featured_media":0,"comment_status":"closed","ping_status":"open","sticky":false,"template":"","format":"standard","meta":{"footnotes":""},"categories":[10],"tags":[],"class_list":["post-2627","post","type-post","status-publish","format-standard","hentry","category-membri-aderenti"],"_links":{"self":[{"href":"http:\/\/www.ardae.ro\/index.php?rest_route=\/wp\/v2\/posts\/2627"}],"collection":[{"href":"http:\/\/www.ardae.ro\/index.php?rest_route=\/wp\/v2\/posts"}],"about":[{"href":"http:\/\/www.ardae.ro\/index.php?rest_route=\/wp\/v2\/types\/post"}],"author":[{"embeddable":true,"href":"http:\/\/www.ardae.ro\/index.php?rest_route=\/wp\/v2\/users\/1"}],"replies":[{"embeddable":true,"href":"http:\/\/www.ardae.ro\/index.php?rest_route=%2Fwp%2Fv2%2Fcomments&post=2627"}],"version-history":[{"count":4,"href":"http:\/\/www.ardae.ro\/index.php?rest_route=\/wp\/v2\/posts\/2627\/revisions"}],"predecessor-version":[{"id":2632,"href":"http:\/\/www.ardae.ro\/index.php?rest_route=\/wp\/v2\/posts\/2627\/revisions\/2632"}],"wp:attachment":[{"href":"http:\/\/www.ardae.ro\/index.php?rest_route=%2Fwp%2Fv2%2Fmedia&parent=2627"}],"wp:term":[{"taxonomy":"category","embeddable":true,"href":"http:\/\/www.ardae.ro\/index.php?rest_route=%2Fwp%2Fv2%2Fcategories&post=2627"},{"taxonomy":"post_tag","embeddable":true,"href":"http:\/\/www.ardae.ro\/index.php?rest_route=%2Fwp%2Fv2%2Ftags&post=2627"}],"curies":[{"name":"wp","href":"https:\/\/api.w.org\/{rel}","templated":true}]}}