{"id":2592,"date":"2016-08-17T12:14:40","date_gmt":"2016-08-17T12:14:40","guid":{"rendered":"http:\/\/www.ardae.ro\/?p=2592"},"modified":"2022-05-19T19:07:19","modified_gmt":"2022-05-19T19:07:19","slug":"dezbaterea-din-seria-iaduer-coerenta-jurisdictionala-si-procedura-trimiterii-preliminare-experiente-romanesti-16-septembrie-2016","status":"publish","type":"post","link":"http:\/\/www.ardae.ro\/?p=2592","title":{"rendered":"Dezbaterea din seria RomaniaEULaw  \u201eCoeren\u0163\u0103 jurisdic\u0163ional\u0103 \u015fi procedura trimiterii preliminare. Experien\u0163e rom\u00e2ne\u015fti\u201d, 16 septembrie 2016"},"content":{"rendered":"<p><!--more--><\/p>\n<p align=\"center\">Centrul de Studii de Drept European (CSDE) al Institutului de Cercet\u0103ri Juridice \u201eAcad. Andrei R\u0103dulescu\u201d din cadrul Academiei Rom\u00e2ne organizeaz\u0103 la data de 16 septembrie 2016, ora 13.00, la sediul Academiei Rom\u00e2ne din Calea Victoriei nr. 125, Sala de Consiliu,<\/p>\n<p align=\"center\"><b>\u00a0<\/b><\/p>\n<p align=\"center\"><b>Dezbaterea din seria\u00a0RomaniaEULaw<\/b><\/p>\n<p align=\"center\"><b>\u201e<\/b><b>Coeren\u0163\u0103 jurisdic\u0163ional\u0103 \u015fi procedura trimiterii preliminare. Experien\u0163e rom\u00e2ne\u015fti\u201d<\/b><\/p>\n<p>Centrul de Studii de Drept European, Forumul Judec\u0103torilor din Rom\u00e2nia \u015fi Asocia\u0163ia Rom\u00e2n\u0103 de Drept \u015fi Afaceri Europene (ARDAE) continu\u0103 seria de dezbateri cu privire la interpretarea \u015fi aplicarea dreptului Uniunii Europene de c\u0103tre instan\u0163ele judec\u0103tore\u015fti \u015fi administrative din Rom\u00e2nia.<\/p>\n<p>Pornind de la studiul semnat de Morten Broberg \u015fi publicat \u00een Revista rom\u00e2n\u0103 de drept european nr. 1\/2016 vor fi examinate exemple rom\u00e2ne\u015fti. Articolul examineaz\u0103 modul \u00een care particularii pot utiliza procedura trimiterii preliminare din art. 267 TFUE pentru a atinge coeren\u0163a jurisdic\u0163ional\u0103. De\u015fi, \u00een principiu, procedura trimiterii preliminare nu constituie o cale de atac deschis\u0103 particularilor, \u00een practic\u0103, astfel de p\u0103r\u0163i au putut face apel la procedur\u0103 pentru urm\u0103rirea propriilor interese. \u00cen acest scop, articolul examineaz\u0103 pentru \u00eenceput efectul erga omnes al hot\u0103r\u00e2rii preliminare. Este apoi analizat modul \u00een care un particular poate utiliza \u00een fapt procedura trimiterii preliminare. Aceasta este urmat\u0103 de o descriere a modului \u00een care un particular poate urm\u0103ri s\u0103 influen\u0163eze formularea concret\u0103 a \u00eentreb\u0103rilor preliminare ale instan\u0163ei na\u0163ionale. Articolul abordeaz\u0103 apoi posibilit\u0103\u0163ile unui particular de influen\u0163are a procedurii trimiterii preliminare \u00een fa\u0163a Cur\u0163ii de Justi\u0163ie a Uniunii Europene, precum \u015fi faptul c\u0103, \u00een m\u0103sura \u00een care procedura trimiterii preliminare nu este conceput\u0103 drept cale de atac inter partes, ea nu precizeaz\u0103 aspectele obi\u015fnuite ale dreptului la ap\u0103rare. \u00cen \u00eencheiere, este prezentat\u0103 o propunere modest\u0103 de ameliorare a procedurii.<\/p>\n<p>Cu aceea\u015fi ocazie va avea loc lansarea volumului editat de Editura Universitar\u0103 &#8211; <a href=\"http:\/\/www.editurauniversitara.ro\/carte\/constitutional\/dreptul_uniunii_europene_si_tribunalele_constitutionale_ale_statelor_membre_interviuri\/11241\"><i>Dreptul Uniunii Europene \u015fi tribunalele constitu\u0163ionale ale statelor membre. Interviuri \u2013 editat\u0103 de Drago\u015f C\u0103lin<\/i><\/a>.<\/p>\n<p>Participan\u0163i la dezbatere: judec\u0103tor Drago\u015f C\u0103lin, Marieta Safta \u2013 prim magistrat asistent, Constantin-Mihai Banu, cercet\u0103tor asociat CSDE, conf. univ. dr. Nicolae Drago\u015f Ploe\u015fteanu. Moderator: prof. univ. dr. Daniel-Mihail \u015eandru.<\/p>\n<p>Confirmarea particip\u0103rii se face prin e-mail: <a href=\"mailto:mihai.sandru@csde.ro\">mihai.sandru@csde.ro<\/a>. Informa\u0163ii suplimentare \u015fi materiale referitoare la conferin\u0163\u0103 vor fi disponibile la adresa\u00a0<a href=\"http:\/\/www.csde.ro\/\">www.csde.ro<\/a> \u015fi www.ardae.ro<\/p>\n<p>Parteneri media ai proiectului RomaniaEULaw: JURIDICE.ro<\/p>\n<p>Parteneri: www.agerpres.ro,\u00a0 www.caleaeuropeana.ro,\u00a0<a href=\"http:\/\/curieruljudiciar.ro\/2010\/09\/28\/interpretarea-si-aplicarea-dreptului-uniunii-europene-de-catre-instantele-din-romania\/\" target=\"_blank\" rel=\"noopener\">CurierulJudiciar.ro<\/a>,\u00a0<a href=\"http:\/\/www.editurauniversitara.ro\/articol\/editura-universitara-este-partener-media-pentru--i74?sess_id=b9a2ecf54792443faf0090b1833364aa\" target=\"_blank\" rel=\"noopener\">Editura Universitara<\/a>, <a href=\"http:\/\/www.infolegal.ro\/eveniment-csde-suspendarea-actiunii-de-catre-o-instanta-nationala-in-situatia-sesizarii-curtii-de-justitie-cu-o-intrebare-preliminara-de-catre-o-instanta-dintr-un-alt-stat-membru\/2010\/09\/28\/\" target=\"_blank\" rel=\"noopener\">Infolegal.ro<\/a>,\u00a0<a href=\"http:\/\/www.juridice.ro\/121705\/suspendarea-actiunii-de-catre-o-instanta-nationala-in-situatia-sesizarii-curtii-de-justitie-cu-o-intrebare-preliminara-de-catre-o-instanta-dintr-un-alt-stat-membru-bucuresti-13-octombrie-2010.html\" target=\"_blank\" rel=\"noopener\">Juridice.ro<\/a>,\u00a0<a href=\"http:\/\/www.legalis.ro\/\" target=\"_blank\" rel=\"noopener\">Legalis<\/a><\/p>\n<p>ARDAE \u2013 Asocia\u0163ia Rom\u00e2n\u0103 de Drept \u015fi Afaceri Europene (ARDAE)<\/p>\n<p><a href=\"https:\/\/www.csde.ro\/?p=3751\" target=\"_blank\" rel=\"noopener\"><i>Interpretarea \u015fi aplicarea dreptului Uniunii Europene de c\u0103tre instan\u0163ele din Rom\u00e2nia<\/i><b>.<\/b><\/a><\/p>\n<p align=\"right\">Cu stim\u0103,<\/p>\n<p align=\"right\">Prof. univ. dr. Daniel-Mihail \u015eandru<\/p>\n","protected":false},"excerpt":{"rendered":"","protected":false},"author":1,"featured_media":0,"comment_status":"closed","ping_status":"open","sticky":false,"template":"","format":"standard","meta":{"footnotes":""},"categories":[48],"tags":[],"class_list":["post-2592","post","type-post","status-publish","format-standard","hentry","category-evenimente"],"_links":{"self":[{"href":"http:\/\/www.ardae.ro\/index.php?rest_route=\/wp\/v2\/posts\/2592"}],"collection":[{"href":"http:\/\/www.ardae.ro\/index.php?rest_route=\/wp\/v2\/posts"}],"about":[{"href":"http:\/\/www.ardae.ro\/index.php?rest_route=\/wp\/v2\/types\/post"}],"author":[{"embeddable":true,"href":"http:\/\/www.ardae.ro\/index.php?rest_route=\/wp\/v2\/users\/1"}],"replies":[{"embeddable":true,"href":"http:\/\/www.ardae.ro\/index.php?rest_route=%2Fwp%2Fv2%2Fcomments&post=2592"}],"version-history":[{"count":6,"href":"http:\/\/www.ardae.ro\/index.php?rest_route=\/wp\/v2\/posts\/2592\/revisions"}],"predecessor-version":[{"id":3874,"href":"http:\/\/www.ardae.ro\/index.php?rest_route=\/wp\/v2\/posts\/2592\/revisions\/3874"}],"wp:attachment":[{"href":"http:\/\/www.ardae.ro\/index.php?rest_route=%2Fwp%2Fv2%2Fmedia&parent=2592"}],"wp:term":[{"taxonomy":"category","embeddable":true,"href":"http:\/\/www.ardae.ro\/index.php?rest_route=%2Fwp%2Fv2%2Fcategories&post=2592"},{"taxonomy":"post_tag","embeddable":true,"href":"http:\/\/www.ardae.ro\/index.php?rest_route=%2Fwp%2Fv2%2Ftags&post=2592"}],"curies":[{"name":"wp","href":"https:\/\/api.w.org\/{rel}","templated":true}]}}