{"id":2577,"date":"2016-07-26T07:09:36","date_gmt":"2016-07-26T07:09:36","guid":{"rendered":"http:\/\/www.ardae.ro\/?p=2577"},"modified":"2016-07-26T07:09:36","modified_gmt":"2016-07-26T07:09:36","slug":"conferinta-internationala-procesul-civil-si-executarea-silita-teorie-si-practica-25-27-august-2016","status":"publish","type":"post","link":"http:\/\/www.ardae.ro\/?p=2577","title":{"rendered":"Conferin\u021ba interna\u021bional\u0103 \u201ePROCESUL CIVIL \u0218I EXECUTAREA SILIT\u0102, TEORIE \u0218I PRACTIC\u0102\u201d, 25-27 august 2016"},"content":{"rendered":"<p><!--more--><\/p>\n<p>Avem deosebita pl\u0103cere de a v\u0103 invita s\u0103 participa\u021bi la Conferin\u021ba interna\u021bional\u0103 \u201ePROCESUL CIVIL \u0218I EXECUTAREA SILIT\u0102, TEORIE \u0218I PRACTIC\u0102\u201d, organizat\u0103 de Camera Executorilor Judec\u0103tore\u0219ti T\u00eergu Mure\u0219 \u0219i Facultatea de \u0218tiin\u021be Economice Juridice \u0219i Administrative, Centrul de Cercetare pentru Drept \u0219i \u0218tiin\u021be Umaniste din cadrul Universit\u0103\u021bii \u201ePetru Maior\u201d din T\u00eergu Mure\u0219, \u00een colaborare cu Uniunea Na\u021bional\u0103 a Executorilor Judec\u0103tore\u0219ti din Rom\u00e2nia, Uniunea Na\u021bional\u0103 a Executorilor Judec\u0103tore\u0219ti din Republica Moldova \u0219i Universitatea Alecu Russo din B\u0103l\u021bi, Republica Moldova.<\/p>\n<p>Conferin\u021ba va avea loc \u00een perioada 25 \u2013 27 august 2016 la Hotelul Grand din T\u00eergu Mure\u0219, Rom\u00e2nia.<\/p>\n<p>La manifestarea \u0219tiin\u021bific\u0103 sunt invita\u021bi s\u0103 participe executori judec\u0103tore\u0219ti, judec\u0103tori, avoca\u021bi, notari publici, consilieri juridici, cadre didactice universitare \u0219i cercet\u0103tori, de la institu\u021bii academice din Rom\u00e2nia, Republica Moldova \u0219i din alte state.<\/p>\n<p>Manifestarea \u0219tiin\u021bific\u0103 are suportul Grupului Editorial Universul Juridic \u2013 Pro Universitaria \u2013 Editura Neverland din Bucure\u0219ti \u0219i al Asocia\u021biei Rom\u00e2ne de Drept \u0219i Afaceri Europene<\/p>\n<p>Pentru informa\u021bii suplimentare, nu ezita\u021bi s\u0103 ne contacta\u021bi sau sa vizita\u021bi site-ul\u00a0<a href=\"http:\/\/cameramures.com\/\" rel=\"nofollow\">http:\/\/cameramures.com<\/a>\u00a0\u0219i<a href=\"http:\/\/www.ccdsu.ro\/conferinta2016.htm\" rel=\"nofollow\">http:\/\/www.ccdsu.ro\/conferinta2016.htm<\/a>\u00a0.<br \/>\n\u00censcrierile se fac numai on-line, pe site-ul\u00a0<a href=\"http:\/\/cameramures.com\/\" rel=\"nofollow\">http:\/\/cameramures.com<\/a><\/p>\n<p>V\u0103 a\u0219tept\u0103m cu drag.<\/p>\n<p>Cu stim\u0103,<br \/>\nPRE\u0218EDINTE,<br \/>\ndr. Eugen Hurub\u0103<br \/>\nPre\u0219edintele Colegiului Director<br \/>\nal C. E. J. T\u00eergu Mure\u0219<\/p>\n<p><a href=\"https:\/\/www.facebook.com\/events\/1722483041348333\/\" target=\"_blank\">eveniment facebook<\/a><\/p>\n","protected":false},"excerpt":{"rendered":"","protected":false},"author":1,"featured_media":0,"comment_status":"closed","ping_status":"open","sticky":false,"template":"","format":"standard","meta":{"footnotes":""},"categories":[48],"tags":[],"class_list":["post-2577","post","type-post","status-publish","format-standard","hentry","category-evenimente"],"_links":{"self":[{"href":"http:\/\/www.ardae.ro\/index.php?rest_route=\/wp\/v2\/posts\/2577"}],"collection":[{"href":"http:\/\/www.ardae.ro\/index.php?rest_route=\/wp\/v2\/posts"}],"about":[{"href":"http:\/\/www.ardae.ro\/index.php?rest_route=\/wp\/v2\/types\/post"}],"author":[{"embeddable":true,"href":"http:\/\/www.ardae.ro\/index.php?rest_route=\/wp\/v2\/users\/1"}],"replies":[{"embeddable":true,"href":"http:\/\/www.ardae.ro\/index.php?rest_route=%2Fwp%2Fv2%2Fcomments&post=2577"}],"version-history":[{"count":1,"href":"http:\/\/www.ardae.ro\/index.php?rest_route=\/wp\/v2\/posts\/2577\/revisions"}],"predecessor-version":[{"id":2578,"href":"http:\/\/www.ardae.ro\/index.php?rest_route=\/wp\/v2\/posts\/2577\/revisions\/2578"}],"wp:attachment":[{"href":"http:\/\/www.ardae.ro\/index.php?rest_route=%2Fwp%2Fv2%2Fmedia&parent=2577"}],"wp:term":[{"taxonomy":"category","embeddable":true,"href":"http:\/\/www.ardae.ro\/index.php?rest_route=%2Fwp%2Fv2%2Fcategories&post=2577"},{"taxonomy":"post_tag","embeddable":true,"href":"http:\/\/www.ardae.ro\/index.php?rest_route=%2Fwp%2Fv2%2Ftags&post=2577"}],"curies":[{"name":"wp","href":"https:\/\/api.w.org\/{rel}","templated":true}]}}