{"id":2567,"date":"2016-07-18T08:09:28","date_gmt":"2016-07-18T08:09:28","guid":{"rendered":"http:\/\/www.ardae.ro\/?p=2567"},"modified":"2016-07-18T08:12:25","modified_gmt":"2016-07-18T08:12:25","slug":"florentina-camelia-stoica","status":"publish","type":"post","link":"http:\/\/www.ardae.ro\/?p=2567","title":{"rendered":"Florentina Camelia Stoica"},"content":{"rendered":"<p><!--more--><\/p>\n<p><i><a href=\"http:\/\/www.ardae.ro\/wp-content\/uploads\/Florentina-Camelia-Stoica.jpg\"><img loading=\"lazy\" decoding=\"async\" class=\"alignleft  wp-image-2571\" alt=\"Florentina Camelia Stoica\" src=\"http:\/\/www.ardae.ro\/wp-content\/uploads\/Florentina-Camelia-Stoica-232x300.jpg\" width=\"139\" height=\"180\" srcset=\"http:\/\/www.ardae.ro\/wp-content\/uploads\/Florentina-Camelia-Stoica-232x300.jpg 232w, http:\/\/www.ardae.ro\/wp-content\/uploads\/Florentina-Camelia-Stoica.jpg 277w\" sizes=\"(max-width: 139px) 100vw, 139px\" \/><\/a>\u00a0<\/i><b>FLORENTINA CAMELIA STOICA <\/b>&#8211; Profesor univ. dr. la\u00a0 Academia de Studii Economice din Bucure\u0219ti, titular pentru disciplinele: Dreptul afacerilor, Drept societar.<\/p>\n<p>Avocat Cabinet<i> <\/i>individual \u201eStoica\u201d \u2013 Baroul Bucure\u015fti;<\/p>\n<p>Arbitru \u2013 Curtea de Arbitraj Comercial International de pe l\u00e2ng\u0103 Camera de Comer\u0163 \u015fi Industrie a Rom\u00e2niei;<\/p>\n<p>Evaluator &#8211; Registrul National de Evaluatori A.R.A.C.I.S \u2013 membru permanent al comisiei Stiinte Juridice;<\/p>\n<p>Autor \u0219i coautor a 17 c\u0103r\u021bi \u0219i 34 articole de specialitate, aria de expertiz\u0103 \u0219i competen\u021b\u0103 Dreptul afacerilor \u0219i Drept societar.<\/p>\n<p>Membru aderent ARDAE &#8211; Asociatia romana de drept si afaceri europene din 15.07.2016.<\/p>\n<p>***<\/p>\n<p><a href=\"http:\/\/www.ardae.ro\/?p=436\" target=\"_blank\"><strong>Lista membri aderenti ARDAE \u2013 Asociatia romana de drept si afaceri europene<\/strong><\/a><\/p>\n<p><strong>Revista ARDAE<\/strong>\u00a0\u2013\u00a0<a href=\"http:\/\/iaduer.ro\/\"><em>Afaceri juridice europene<\/em><\/a><a href=\"http:\/\/iaduer.ro\/?p=1285\" target=\"_blank\"><br \/>\n<\/a><\/p>\n<p><strong>PROIECTUL IADUER<\/strong>\u00a0\u2013 interpretarea si aplicarea dreptului Uniunii Europene in Romania \u2013\u00a0<a href=\"http:\/\/iaduer.ro\/?p=162\" target=\"_blank\">Lista trimiterilor preliminare din Romania, inregistrate la CJUE<\/a><\/p>\n<p><a href=\"https:\/\/eubusinesslaw.wordpress.com\/2015\/08\/03\/dialog-forum-drept-si-afaceri-europene-in-romania\/\" target=\"_blank\">Dialog &amp; forum Drept si afaceri europene in Romania<\/a><\/p>\n<p><a href=\"https:\/\/eubusinesslaw.wordpress.com\/evenimente-drept-european-ardae\/\" target=\"_blank\"><strong>Evenimente drept european \u2013 ARDAE \u2013 Asociatia romana de drept si afaceri europene<\/strong><\/a><\/p>\n<p>&nbsp;<\/p>\n","protected":false},"excerpt":{"rendered":"","protected":false},"author":1,"featured_media":0,"comment_status":"closed","ping_status":"open","sticky":false,"template":"","format":"standard","meta":{"footnotes":""},"categories":[10],"tags":[],"class_list":["post-2567","post","type-post","status-publish","format-standard","hentry","category-membri-aderenti"],"_links":{"self":[{"href":"http:\/\/www.ardae.ro\/index.php?rest_route=\/wp\/v2\/posts\/2567"}],"collection":[{"href":"http:\/\/www.ardae.ro\/index.php?rest_route=\/wp\/v2\/posts"}],"about":[{"href":"http:\/\/www.ardae.ro\/index.php?rest_route=\/wp\/v2\/types\/post"}],"author":[{"embeddable":true,"href":"http:\/\/www.ardae.ro\/index.php?rest_route=\/wp\/v2\/users\/1"}],"replies":[{"embeddable":true,"href":"http:\/\/www.ardae.ro\/index.php?rest_route=%2Fwp%2Fv2%2Fcomments&post=2567"}],"version-history":[{"count":3,"href":"http:\/\/www.ardae.ro\/index.php?rest_route=\/wp\/v2\/posts\/2567\/revisions"}],"predecessor-version":[{"id":2572,"href":"http:\/\/www.ardae.ro\/index.php?rest_route=\/wp\/v2\/posts\/2567\/revisions\/2572"}],"wp:attachment":[{"href":"http:\/\/www.ardae.ro\/index.php?rest_route=%2Fwp%2Fv2%2Fmedia&parent=2567"}],"wp:term":[{"taxonomy":"category","embeddable":true,"href":"http:\/\/www.ardae.ro\/index.php?rest_route=%2Fwp%2Fv2%2Fcategories&post=2567"},{"taxonomy":"post_tag","embeddable":true,"href":"http:\/\/www.ardae.ro\/index.php?rest_route=%2Fwp%2Fv2%2Ftags&post=2567"}],"curies":[{"name":"wp","href":"https:\/\/api.w.org\/{rel}","templated":true}]}}