{"id":2563,"date":"2016-07-18T08:03:40","date_gmt":"2016-07-18T08:03:40","guid":{"rendered":"http:\/\/www.ardae.ro\/?p=2563"},"modified":"2016-07-18T08:08:20","modified_gmt":"2016-07-18T08:08:20","slug":"veronica-stoica","status":"publish","type":"post","link":"http:\/\/www.ardae.ro\/?p=2563","title":{"rendered":"Veronica Stoica"},"content":{"rendered":"<p><strong><!--more--><\/strong><\/p>\n<p><strong>Veronica Stoica<\/strong>&#8211; a absolvit Facultatea de drept din cadrul Universit\u0103\u0163ii Bucure\u015fti \u00een anul 1989, precum \u015fi unele cursuri postuniversitare din domeniul dreptului privat. Este doctor \u00een drept din anul 1999, ob\u0163in\u00e2nd titlul\u00a0 la Facultatea de drept din cadrul Universit\u0103\u0163ii Bucure\u015fti, av\u00e2ndu-l conduc\u0103tor de doctorat\u00a0 pe profesorul universitar doctor Francisc Deak, una dintre cele mai importante personalit\u0103\u0163i ale \u015ftiin\u0163ei juridice din Rom\u00e2nia.<\/p>\n<p>De la absolvirea facult\u0103\u0163ii \u015fi-a desf\u0103\u015furat activitatea didactic\u0103 \u00een mod ne\u00eentrerupt \u00een \u00eenv\u0103\u0163\u0103m\u00e2ntul superior juridic, parcurg\u00e2nd toate treptele ierarhiei universitare, de la preparator universitar, la profesor universitar. Este\u00a0 conduc\u0103tor de doctorat din anul 2015.<\/p>\n<p>\u00ce\u015fi desf\u0103\u015foar\u0103\u00a0 activitatea didactic\u0103 la Academia de poli\u0163ie\u00a0 \u201eAlexandru Ioan Cuza\u201d , \u00een calitate de profesor universitar, sus\u0163in\u00e2nd\u00a0 cursuri \u015fi seminarii la disciplina:\u201eDrept civil Contracte\u00a0 speciale \u015fi dreptul la mo\u015ftenire\u201d, precum \u015fi la alte universit\u0103\u0163i particulare.<\/p>\n<p>A elaborat \u015fi a publicat peste 25 de cursuri \u015fi monografii \u015fi peste 100 de articole, studii, comentarii, comunic\u0103ri \u015ftiin\u0163ifice, etc. \u00een domeniul dreptului privat (Dreptul la mo\u015ftenire-2009, Drept civil. Contracte speciale -2008, Drept civil. Mo\u015ftenirea legal\u0103 \u015fi testamentar\u0103 -2005, So\u0163ul supravie\u0163uitor mo\u015ftenitor legal \u015fi testamentar-2004, Mo\u015ftenirea legal\u0103 \u00een reglementarea Noului Cod civil -2012,\u00a0etc)<\/p>\n<p>Membru aderent ARDAE &#8211; Asociatia romana de drept si afaceri europene din 18 iulie 2016.<\/p>\n<p>***<\/p>\n<p><a href=\"http:\/\/www.ardae.ro\/?p=436\" target=\"_blank\"><strong>Lista membri aderenti ARDAE \u2013 Asociatia romana de drept si afaceri europene<\/strong><\/a><\/p>\n<p><strong>Revista ARDAE<\/strong>\u00a0\u2013\u00a0<a href=\"http:\/\/iaduer.ro\/\"><em>Afaceri juridice europene<\/em><\/a><a href=\"http:\/\/iaduer.ro\/?p=1285\" target=\"_blank\"><br \/>\n<\/a><\/p>\n<p><strong>PROIECTUL IADUER<\/strong>\u00a0\u2013 interpretarea si aplicarea dreptului Uniunii Europene in Romania \u2013\u00a0<a href=\"http:\/\/iaduer.ro\/?p=162\" target=\"_blank\">Lista trimiterilor preliminare din Romania, inregistrate la CJUE<\/a><\/p>\n<p><a href=\"https:\/\/eubusinesslaw.wordpress.com\/2015\/08\/03\/dialog-forum-drept-si-afaceri-europene-in-romania\/\" target=\"_blank\">Dialog &amp; forum Drept si afaceri europene in Romania<\/a><\/p>\n<p><a href=\"https:\/\/eubusinesslaw.wordpress.com\/evenimente-drept-european-ardae\/\" target=\"_blank\"><strong>Evenimente drept european \u2013 ARDAE \u2013 Asociatia romana de drept si afaceri europene<\/strong><\/a><\/p>\n<p>&nbsp;<\/p>\n<p>&nbsp;<\/p>\n","protected":false},"excerpt":{"rendered":"","protected":false},"author":1,"featured_media":0,"comment_status":"closed","ping_status":"open","sticky":false,"template":"","format":"standard","meta":{"footnotes":""},"categories":[10],"tags":[],"class_list":["post-2563","post","type-post","status-publish","format-standard","hentry","category-membri-aderenti"],"_links":{"self":[{"href":"http:\/\/www.ardae.ro\/index.php?rest_route=\/wp\/v2\/posts\/2563"}],"collection":[{"href":"http:\/\/www.ardae.ro\/index.php?rest_route=\/wp\/v2\/posts"}],"about":[{"href":"http:\/\/www.ardae.ro\/index.php?rest_route=\/wp\/v2\/types\/post"}],"author":[{"embeddable":true,"href":"http:\/\/www.ardae.ro\/index.php?rest_route=\/wp\/v2\/users\/1"}],"replies":[{"embeddable":true,"href":"http:\/\/www.ardae.ro\/index.php?rest_route=%2Fwp%2Fv2%2Fcomments&post=2563"}],"version-history":[{"count":2,"href":"http:\/\/www.ardae.ro\/index.php?rest_route=\/wp\/v2\/posts\/2563\/revisions"}],"predecessor-version":[{"id":2568,"href":"http:\/\/www.ardae.ro\/index.php?rest_route=\/wp\/v2\/posts\/2563\/revisions\/2568"}],"wp:attachment":[{"href":"http:\/\/www.ardae.ro\/index.php?rest_route=%2Fwp%2Fv2%2Fmedia&parent=2563"}],"wp:term":[{"taxonomy":"category","embeddable":true,"href":"http:\/\/www.ardae.ro\/index.php?rest_route=%2Fwp%2Fv2%2Fcategories&post=2563"},{"taxonomy":"post_tag","embeddable":true,"href":"http:\/\/www.ardae.ro\/index.php?rest_route=%2Fwp%2Fv2%2Ftags&post=2563"}],"curies":[{"name":"wp","href":"https:\/\/api.w.org\/{rel}","templated":true}]}}