{"id":2536,"date":"2016-06-08T08:01:32","date_gmt":"2016-06-08T08:01:32","guid":{"rendered":"http:\/\/www.ardae.ro\/?p=2536"},"modified":"2016-06-08T10:09:51","modified_gmt":"2016-06-08T10:09:51","slug":"dezbaterea-dreptul-uniunii-europene-in-domeniul-concurentei-academia-romana-17-iunie-2016","status":"publish","type":"post","link":"http:\/\/www.ardae.ro\/?p=2536","title":{"rendered":"Dezbaterea  Dreptul Uniunii Europene \u00een domeniul concuren\u021bei, Academia Romana, 17 iunie 2016"},"content":{"rendered":"<p style=\"text-align: center;\"><!--more--><\/p>\n<p style=\"text-align: center;\">Dezbaterea<\/p>\n<p style=\"text-align: center;\">Dreptul Uniunii Europene \u00een domeniul concuren\u021bei<\/p>\n<p style=\"text-align: center;\">Institutul de Cercetari Juridice \u201cAcad. Andrei R\u0103dulescu\u201d al Academiei Rom\u00e2ne \u2013 CSDE \u2013 Centrul de Studii de Drept European si ARDAE \u2013 Asociatia romana de drept si afaceri europene<\/p>\n<p style=\"text-align: center;\">Evenimentul se va desf\u0103\u015fura la Academia Rom\u00e2n\u0103, Calea Victoriei, nr. 125, Sala de Consiliu,<\/p>\n<p style=\"text-align: center;\">17 iunie 2015, orele 14.30-16<\/p>\n<p>PARTENER PRINCIPAL:Universul Juridic<\/p>\n<p>Participan\u0163i confirma\u0163i:<\/p>\n<p>Prof. univ. dr. Ovidiu Predescu<\/p>\n<p>Dr. Dan Pascu, avocat<\/p>\n<p>Dr. Raul-Felix Hodos, avocat<\/p>\n<p>Prof. univ. dr. Daniel Mihail \u015eandru, moderator<\/p>\n<p>&nbsp;<\/p>\n<p>Cu acest prilej va fi prezentat volumul<a href=\"http:\/\/www.ujmag.ro\/drept\/drept-european\/dreptul-uniunii-europene-in-domeniul-concurentei\"> Dreptul Uniunii Europene \u00een domeniul concuren\u021bei, conf. univ. dr. Ioan Lazar, Ed. Universul Juridic, 2016.<\/a><\/p>\n<p>Organizatorii v\u0103 mul\u0163umesc pentru retransmiterea acestei invita\u0163ii c\u0103tre toate persoanele interesate. Nu se percepe tax\u0103 de participare. Locurile sunt limitate, \u00eenscrierea participan\u0163ilor realiz\u00e2ndu-se \u00een ordinea cronologic\u0103 a confirmarilor, prin e-mail (ardae2007@gmail.com).<\/p>\n<p><a href=\"https:\/\/www.facebook.com\/events\/1006396692785475\/\" target=\"_blank\">eveniment facebook<\/a><\/p>\n","protected":false},"excerpt":{"rendered":"","protected":false},"author":1,"featured_media":0,"comment_status":"closed","ping_status":"open","sticky":false,"template":"","format":"standard","meta":{"footnotes":""},"categories":[48],"tags":[],"class_list":["post-2536","post","type-post","status-publish","format-standard","hentry","category-evenimente"],"_links":{"self":[{"href":"http:\/\/www.ardae.ro\/index.php?rest_route=\/wp\/v2\/posts\/2536"}],"collection":[{"href":"http:\/\/www.ardae.ro\/index.php?rest_route=\/wp\/v2\/posts"}],"about":[{"href":"http:\/\/www.ardae.ro\/index.php?rest_route=\/wp\/v2\/types\/post"}],"author":[{"embeddable":true,"href":"http:\/\/www.ardae.ro\/index.php?rest_route=\/wp\/v2\/users\/1"}],"replies":[{"embeddable":true,"href":"http:\/\/www.ardae.ro\/index.php?rest_route=%2Fwp%2Fv2%2Fcomments&post=2536"}],"version-history":[{"count":5,"href":"http:\/\/www.ardae.ro\/index.php?rest_route=\/wp\/v2\/posts\/2536\/revisions"}],"predecessor-version":[{"id":2538,"href":"http:\/\/www.ardae.ro\/index.php?rest_route=\/wp\/v2\/posts\/2536\/revisions\/2538"}],"wp:attachment":[{"href":"http:\/\/www.ardae.ro\/index.php?rest_route=%2Fwp%2Fv2%2Fmedia&parent=2536"}],"wp:term":[{"taxonomy":"category","embeddable":true,"href":"http:\/\/www.ardae.ro\/index.php?rest_route=%2Fwp%2Fv2%2Fcategories&post=2536"},{"taxonomy":"post_tag","embeddable":true,"href":"http:\/\/www.ardae.ro\/index.php?rest_route=%2Fwp%2Fv2%2Ftags&post=2536"}],"curies":[{"name":"wp","href":"https:\/\/api.w.org\/{rel}","templated":true}]}}