{"id":2524,"date":"2016-01-24T08:46:46","date_gmt":"2016-01-24T08:46:46","guid":{"rendered":"http:\/\/www.ardae.ro\/?p=2524"},"modified":"2016-05-24T08:47:12","modified_gmt":"2016-05-24T08:47:12","slug":"fluxul-de-imigranti-un-nou-test-pentru-statele-membre-ale-uniunii-europene-cum-raspunde-romania-noilor-provocari-socio-politice-23-februarie-2016","status":"publish","type":"post","link":"http:\/\/www.ardae.ro\/?p=2524","title":{"rendered":"Fluxul de imigran\u021bi- un nou test pentru statele membre ale Uniunii Europene? Cum r\u0103spunde Rom\u00e2nia noilor provoc\u0103ri socio-politice?, 23 februarie 2016"},"content":{"rendered":"<p><!--more--><\/p>\n<p>&nbsp;<\/p>\n<p><a id=\"u_1g_9\" href=\"https:\/\/www.facebook.com\/reprezentanta.comisiei.europene.in.romania\/\">Reprezentanta Comisiei Europene in Romania<\/a>,\u00a0str. Vasile Lasc\u0103r, nr. 31, orele 9-16<\/p>\n<p><strong><a href=\"https:\/\/www.facebook.com\/events\/546767168824942\/\" target=\"_blank\">Eveniment Facebook<\/a><\/strong><\/p>\n<p>Agerpres\u00a0<a href=\"http:\/\/foto.agerpres.ro\/index.php?i=8350161\" target=\"_blank\">Mihai Sandru<\/a>,\u00a0<a href=\"http:\/\/foto.agerpres.ro\/index.php?i=8350156\" target=\"_blank\">Alexandra Lancranjan<\/a>,\u00a0<a href=\"http:\/\/foto.agerpres.ro\/index.php?i=8350157\" target=\"_blank\">Oana Claudia Iacob<\/a><\/p>\n<p><a href=\"https:\/\/www.europeanpolitics.ro\/index.php\/2016\/02\/25\/the-flux-of-migrants-a-new-test-for-the-member-states-of-the-european-union-how-is-romania-responding-to-the-new-socio-political-challenges\/\" target=\"_blank\">European Politics<\/a><\/p>\n<h1><a href=\"http:\/\/epochtimes.ro\/news\/romania-a-inregistrat-mai-putine-cereri-de-azil-in-2015-video---244276\" target=\"_blank\">Rom\u00e2nia a \u00eenregistrat mai pu\u0163ine cereri de azil \u00een 2015 (video)<\/a><\/h1>\n<p><a href=\"http:\/\/epochtimes.ro\/video\/eleodor-parvu-inspectoratul-general-pentru-migrari-despre-refugiatii-relocati-in-romania---1401\" target=\"_blank\">VIDEO<\/a><\/p>\n<p>Avem deosebita onoare de a v\u0103 invita la o dezbatere pe tema \u201dFluxul de imigran\u021bi- un nou test pentru statele membre ale Uniunii Europene? Cum r\u0103spunde Rom\u00e2nia noilor provoc\u0103ri socio-politice!\u201d organizat\u0103 de Asociatia Liderjust \u00eempreun\u0103 cu Asocia\u021bia ARDAE \u0219i Asocia\u021bia Romania US Alumni<\/p>\n<p>La eveniment vor participa magistra\u021bi, reprezentanti ai institutiilor publice si ai societatii civile iar temele abordate vor viza strategiile adoptate de Rom\u00e2nia la nivel administrativ \u0219i la nivelul sistemului de justi\u021bie pentru a face fa\u021b\u0103 noilor provoc\u0103ri socio-economice legate de imigra\u021bie precum \u0219i jurispruden\u021ba european\u0103 aplicabil\u0103 \u00een aceast\u0103 materie.<\/p>\n<p>Discursuri Introductive<\/p>\n<p>Alexandra L\u0103ncr\u0103njan, procuror, formator INM, Pre\u0219edinte Asocia\u021bia LiderJust<br \/>\nOana Claudia Iacob, Pre\u0219edinte Romanian US Alumni Association<br \/>\nprof. univ. dr. Mihai \u0218andru, Pre\u0219edinte Asocia\u021bia rom\u00e2n\u0103 de drept \u0219i afaceri europene (ARDAE)<\/p>\n<p><a href=\"http:\/\/www.mihaisandru.ro\/\" target=\"_blank\">Prof. univ. dr. Daniel-Mihail Sandru<\/a>, Teme(ri) si probleme ale regimului migratiei in Uniunea Europeana. Directii ale unei cercetari juridice (Issues and troubles concerning migration in European Union. Directions for a legal research),<a href=\"https:\/\/eubusinesslaw.wordpress.com\/2016\/02\/17\/fluxul-de-imigranti-un-nou-test-pentru-statele-member-ale-uniunii-europene-cum-raspunde-romania-noilor-provocari-socio-politice-23-februarie-2016\/\" target=\"_blank\">\u00a0Dezbaterea\u00a0Fluxul de imigran\u021bi- un nou test pentru statele membre ale Uniunii Europene? Cum r\u0103spunde Rom\u00e2nia noilor provoc\u0103ri socio-politice?, 23 februarie\u00a02016<\/a>,\u00a0pptx disponibil la adresele\u00a0<a href=\"https:\/\/www.researchgate.net\/publication\/295654694_Temeri_si_probleme_ale_regimului_migratiei_in_Uniunea_Europeana_Directii_ale_unei_cercetari_juridice_Issues_and_troubles_concerning_migration_in_European_Union_Directions_for_a_legal_research\" target=\"_blank\">researchgate.net<\/a>\u00a0\u00a0<a href=\"https:\/\/www.academia.edu\/22335583\/Teme_ri_si_probleme_ale_regimului_migratiei_in_Uniunea_Europeana._Directii_ale_unei_cercetari_juridice_Issues_and_troubles_concerning_migration_in_European_Union._Directions_for_a_legal_research_\" target=\"_blank\">academia.edu<\/a>\u00a0<a href=\"https:\/\/www.linkedin.com\/pulse\/mihai-sandru-temeri-%C8%99i-probleme-ale-regimului-migra%C8%9Biei-mihai-sandru?published=t\" target=\"_blank\">linkedin<\/a><\/p>\n<p>Sesiunea I \u2013 Imigrarea masiv\u0103 \u2013 un test pentru sistemul administrativ \u0219i pentru sistemul de justi\u021bie?<\/p>\n<p>Adrian Dobre, Secretar de stat Ministerul Muncii, Familiei, Protec\u021biei Sociale \u0219i Persoanelor V\u00e2rstnice,<br \/>\nComitetul Interministerial al Coali\u0163iei Na\u0163ionale pentru Integrarea Refugia\u0163ilor \u2013 r\u0103spunsul Rom\u00e2niei la noile provoc\u0103ri socio-economice<\/p>\n<p>Rodica Novac, Pre\u0219edinte Asocia\u021bia Conect<br \/>\nImplicarea societ\u0103\u021bii civile \u00een politicile publice privind imigra\u021bia<\/p>\n<p>Mariana Feldioreanu, judec\u0103tor, Pre\u0219edintele Judec\u0103toriei Sector 4<br \/>\nAccesul la justi\u021bie \u0219i drepturile imigran\u021bilor afla\u021bi pe teritoriul unui stat UE<\/p>\n<p>Moderator: Raluca S\u00eembotin, Expert politici publice<\/p>\n<p>Pauz\u0103 de cafea<\/p>\n<p>Sesiunea II \u2013 Politica penal\u0103 \u0219i securitatea na\u021bional\u0103 \u00een contextul geo-politic actual<\/p>\n<p>Marisa MacIsaac, Ambasada Statelor Unite ale Americii la Bucure\u0219ti<br \/>\nStrategia de securitate \u0219i cooperarea interna\u021bional\u0103 \u00een contextul fluxului de imigran\u021bi pe teriroriul Uniunii Europene<\/p>\n<p>Iulian Chifu \u2013 conferentiar universitar- SNSPA<br \/>\nInfluen\u021bele imigr\u0103rii masive asupra politicii penale din perspectiva traficului de persoane \u0219i activit\u0103\u021bilor teroriste<\/p>\n<p>Georgiana Chiril\u0103, Serviciul Rom\u00e2n de Informa\u021bii<br \/>\nNoile provoc\u0103ri \u00een materia securit\u0103\u021bii na\u021bionale \u0219i a luptei \u00eempotriva terorismului \u00een contextul imigr\u0103rii masive<\/p>\n<p>Moderator: Alexandra L\u0103ncr\u0103njan, procuror, Pre\u0219edinte Asocia\u021bia Liderjust<\/p>\n<p>Sesiunea III \u2013 Problematica imigr\u0103rii din perspectiva dreptului Uniunii Europene \u0219i a contenciosului drepturilor omului<\/p>\n<p>Mihai Sebe, Institutul European din Romania<br \/>\nPozitia Romaniei cu privire la criza refugiatilor. Aspecte politice. Observatii preliminare<\/p>\n<p>Roxana Rizoiu, formator catedra CEDO a Institutului Na\u021bional al Magistraturii (TBC)<br \/>\nJurispruden\u021ba Cur\u021bii Europene a Drepturilor Omului \u00een materia imigr\u0103rii \u0219i azilului<\/p>\n<p>Silvia Martis T\u0103bu\u0219c\u0103 \u2013 lector universitar- Universitatea Rom\u00e2no-American\u0103<br \/>\nRestric\u021bii \u0219i garan\u021bii pentru imigran\u021bi din perspectiva dreptului Uniunii Europene<\/p>\n<p>Moderator: prof. univ. dr. Mihai \u0218andru, Pre\u0219edinte Asocia\u021bia rom\u00e2n\u0103 de drept \u0219i afaceri europene (ARDAE)<\/p>\n<p>V\u0103 rug\u0103m s\u0103 confirma\u021bi participarea la adresa: office@liderjust.ro<\/p>\n<p><a href=\"http:\/\/evenimente.juridice.ro\/2016\/02\/fluxul-de-imigranti-un-nou-test-pentru-statele-membre-ale-ue-cum-raspunde-romania-noilor-provocari-socio-politice-23-februarie-2016-bucuresti-2.html\" target=\"_blank\">Evenimente JURIDICE.ro<\/a><\/p>\n","protected":false},"excerpt":{"rendered":"","protected":false},"author":1,"featured_media":0,"comment_status":"closed","ping_status":"open","sticky":false,"template":"","format":"standard","meta":{"footnotes":""},"categories":[48],"tags":[],"class_list":["post-2524","post","type-post","status-publish","format-standard","hentry","category-evenimente"],"_links":{"self":[{"href":"http:\/\/www.ardae.ro\/index.php?rest_route=\/wp\/v2\/posts\/2524"}],"collection":[{"href":"http:\/\/www.ardae.ro\/index.php?rest_route=\/wp\/v2\/posts"}],"about":[{"href":"http:\/\/www.ardae.ro\/index.php?rest_route=\/wp\/v2\/types\/post"}],"author":[{"embeddable":true,"href":"http:\/\/www.ardae.ro\/index.php?rest_route=\/wp\/v2\/users\/1"}],"replies":[{"embeddable":true,"href":"http:\/\/www.ardae.ro\/index.php?rest_route=%2Fwp%2Fv2%2Fcomments&post=2524"}],"version-history":[{"count":1,"href":"http:\/\/www.ardae.ro\/index.php?rest_route=\/wp\/v2\/posts\/2524\/revisions"}],"predecessor-version":[{"id":2525,"href":"http:\/\/www.ardae.ro\/index.php?rest_route=\/wp\/v2\/posts\/2524\/revisions\/2525"}],"wp:attachment":[{"href":"http:\/\/www.ardae.ro\/index.php?rest_route=%2Fwp%2Fv2%2Fmedia&parent=2524"}],"wp:term":[{"taxonomy":"category","embeddable":true,"href":"http:\/\/www.ardae.ro\/index.php?rest_route=%2Fwp%2Fv2%2Fcategories&post=2524"},{"taxonomy":"post_tag","embeddable":true,"href":"http:\/\/www.ardae.ro\/index.php?rest_route=%2Fwp%2Fv2%2Ftags&post=2524"}],"curies":[{"name":"wp","href":"https:\/\/api.w.org\/{rel}","templated":true}]}}