{"id":2522,"date":"2016-05-19T14:10:24","date_gmt":"2016-05-19T14:10:24","guid":{"rendered":"http:\/\/www.ardae.ro\/?p=2522"},"modified":"2016-05-24T17:14:11","modified_gmt":"2016-05-24T17:14:11","slug":"inteligenta-in-sanatate-26-mai-2016-reflectii-privind-solutionarea-diferendelor-in-domeniul-sanatatii-prin-arbitraj-experiente-romanesti","status":"publish","type":"post","link":"http:\/\/www.ardae.ro\/?p=2522","title":{"rendered":"Inteligenta in sanatate: 26 mai 2016: Reflec\u0163ii privind solu\u0163ionarea diferendelor \u00een domeniul s\u0103n\u0103t\u0103\u0163ii prin arbitraj. Experien\u0163e rom\u00e2ne\u015fti"},"content":{"rendered":"<p><!--more--><\/p>\n<p>Avem deosebita pl\u0103cere de a v\u0103 invita s\u0103 participa\u021bi la Conferin\u021ba\u00a0<strong>VII<\/strong>\u00a0din cadrul proiectului \u201cINTELIGEN\u021a\u0102 \u00ceN S\u0102N\u0102TATE\u201d, cu tema\u00a0 \u201e<strong>Finan\u021barea sistemelor de s\u0103n\u0103tate \u00een UE versus Rom\u00e2nia<\/strong>\u201d \u2013\u00a0<strong>26 mai 2016 ora 10.00<\/strong>,\u00a0 la Hotel RAMADA MAJESTIC din Bucure\u0219ti, Calea Victoriei, nr. 38-40.<\/p>\n<p>\u00cen cadrul conferin\u021bei vor fi prezentate urm\u0103toarele:<\/p>\n<ul>\n<li>\n<ul>\n<li><a href=\"http:\/\/www.mihaisandru.ro\/\" target=\"_blank\">prof. univ. dr. Daniel-Mihail \u0218andru<\/a> \u2013 Institutul de Cercetari Juridice \u201eAcad. Andrei Radulescu\u201d al Academiei Rom\u00e2ne \u2013 \u201eReflec\u0163ii privind solu\u0163ionarea diferendelor \u00een domeniul s\u0103n\u0103t\u0103\u0163ii prin arbitraj. Experien\u0163e rom\u00e2ne\u015fti\u201d<\/li>\n<li>conf. univ. dr. R\u0103zvan Papuc, Universitatea Bucure\u0219ti \u2013 Facultatea de Administra\u021bie \u0219i Afaceri \u201eFinan\u021barea sistemelor de s\u0103n\u0103tate \u00een Uniunea European\u0103. Studii de caz\u201d<\/li>\n<li>conf. univ. dr. Anca Bratu, Universitatea Bucure\u0219ti \u2013 Facultatea de Administra\u021bie \u0219i Afaceri \u0219i lect. univ. dr. Mariana Gur\u0103u, Universitatea \u201eNicolae Titulescu\u201d \u2013\u00a0\u201eAspecte privind TVA in unitatile sanitare\u201d<\/li>\n<li>prof. univ. dr. Ion Bucur, Universitatea Bucure\u0219ti \u2013 Facultatea de Administra\u021bie \u0219i Afaceri \u2013 \u201ePolitici de finan\u021bare a sistemului de s\u0103n\u0103tate \u00een Rom\u00e2nia\u201d<\/li>\n<\/ul>\n<\/li>\n<\/ul>\n<p><strong>INTRAREA LIBERA<\/strong><\/p>\n<p>Cu deosebit\u0103 considera\u021bie,<\/p>\n<p>Cezar Irimia<\/p>\n<p>Pre\u0219edinte \u2013 Alian\u021ba Pacien\u021bilor Cronici din Rom\u00e2nia<\/p>\n<p><a href=\"https:\/\/www.facebook.com\/events\/130436657370045\/\" target=\"_blank\">eveniment facebook<\/a><\/p>\n<p><a href=\"https:\/\/www.academia.edu\/25419791\/26.05.2016_-_Inteligenta_in_Sanatate_-_Finan%C8%9Barea_sistemelor_de_s%C4%83n%C4%83tate_%C3%AEn_UE_versus_Rom%C3%A2nia_\" target=\"_blank\">academia.edu<\/a><\/p>\n","protected":false},"excerpt":{"rendered":"","protected":false},"author":1,"featured_media":0,"comment_status":"closed","ping_status":"open","sticky":false,"template":"","format":"standard","meta":{"footnotes":""},"categories":[48],"tags":[],"class_list":["post-2522","post","type-post","status-publish","format-standard","hentry","category-evenimente"],"_links":{"self":[{"href":"http:\/\/www.ardae.ro\/index.php?rest_route=\/wp\/v2\/posts\/2522"}],"collection":[{"href":"http:\/\/www.ardae.ro\/index.php?rest_route=\/wp\/v2\/posts"}],"about":[{"href":"http:\/\/www.ardae.ro\/index.php?rest_route=\/wp\/v2\/types\/post"}],"author":[{"embeddable":true,"href":"http:\/\/www.ardae.ro\/index.php?rest_route=\/wp\/v2\/users\/1"}],"replies":[{"embeddable":true,"href":"http:\/\/www.ardae.ro\/index.php?rest_route=%2Fwp%2Fv2%2Fcomments&post=2522"}],"version-history":[{"count":4,"href":"http:\/\/www.ardae.ro\/index.php?rest_route=\/wp\/v2\/posts\/2522\/revisions"}],"predecessor-version":[{"id":2529,"href":"http:\/\/www.ardae.ro\/index.php?rest_route=\/wp\/v2\/posts\/2522\/revisions\/2529"}],"wp:attachment":[{"href":"http:\/\/www.ardae.ro\/index.php?rest_route=%2Fwp%2Fv2%2Fmedia&parent=2522"}],"wp:term":[{"taxonomy":"category","embeddable":true,"href":"http:\/\/www.ardae.ro\/index.php?rest_route=%2Fwp%2Fv2%2Fcategories&post=2522"},{"taxonomy":"post_tag","embeddable":true,"href":"http:\/\/www.ardae.ro\/index.php?rest_route=%2Fwp%2Fv2%2Ftags&post=2522"}],"curies":[{"name":"wp","href":"https:\/\/api.w.org\/{rel}","templated":true}]}}