{"id":2516,"date":"2014-05-17T20:18:16","date_gmt":"2014-05-17T20:18:16","guid":{"rendered":"http:\/\/www.ardae.ro\/?p=2516"},"modified":"2016-05-17T20:21:10","modified_gmt":"2016-05-17T20:21:10","slug":"jana-maftei","status":"publish","type":"post","link":"http:\/\/www.ardae.ro\/?p=2516","title":{"rendered":"Jana Maftei"},"content":{"rendered":"<p><!--more--><\/p>\n<p><strong>JANA MAFTEI<\/strong><\/p>\n<p>Profesor universitar doctor la Facultatea de Drept, Universitatea Danubius din Gala\u0163i<\/p>\n<p>Doctorat \u00een Drept interna\u0163ional public<\/p>\n<p>Master \u00een Drept comunitar<\/p>\n<p>Cursuri postuniversitare: Practica rela\u0163iilor interna\u0163ionale \u015fi studii euro-atlantice; Terorismul interna\u0163ional si sistemele de securitate<\/p>\n<p>Afilieri: Asocia\u0163ia Rom\u00e2n\u0103 de \u015etiin\u0163e Penale, Societatea de \u015etiinte Juridice \u015fi Administrative<\/p>\n<p>Membru \u00een colectivul de redac\u0163ie: Acta Universitatis Danubius. Juridica; Acta Universitatis Danubius. Relationes Internationales; Journal of Politics and Law , International Law Research Canadian Center of Science and Education<\/p>\n<p>Domeniul de interes \u015ftiin\u0163ific \u015fi aria de cercetare: Drept interna\u0163ional public, Drept diplomatic \u015fi consular<\/p>\n<p>***<\/p>\n<p><a href=\"http:\/\/www.ardae.ro\/?p=436\" target=\"_blank\"><strong>Lista membri aderenti ARDAE \u2013 Asociatia romana de drept si afaceri europene<\/strong><\/a><\/p>\n<p><strong>Revista ARDAE<\/strong>\u00a0\u2013\u00a0<a href=\"http:\/\/iaduer.ro\/\"><em>Afaceri juridice europene<\/em><\/a><a href=\"http:\/\/iaduer.ro\/?p=1285\" target=\"_blank\"><br \/>\n<\/a><\/p>\n<p><strong>PROIECTUL IADUER<\/strong>\u00a0\u2013 interpretarea si aplicarea dreptului Uniunii Europene in Romania \u2013\u00a0<a href=\"http:\/\/iaduer.ro\/?p=162\" target=\"_blank\">Lista trimiterilor preliminare din Romania, inregistrate la CJUE<\/a><\/p>\n<p><a href=\"https:\/\/eubusinesslaw.wordpress.com\/2015\/08\/03\/dialog-forum-drept-si-afaceri-europene-in-romania\/\" target=\"_blank\">Dialog &amp; forum Drept si afaceri europene in Romania<\/a><\/p>\n","protected":false},"excerpt":{"rendered":"","protected":false},"author":1,"featured_media":0,"comment_status":"closed","ping_status":"open","sticky":false,"template":"","format":"standard","meta":{"footnotes":""},"categories":[10],"tags":[],"class_list":["post-2516","post","type-post","status-publish","format-standard","hentry","category-membri-aderenti"],"_links":{"self":[{"href":"http:\/\/www.ardae.ro\/index.php?rest_route=\/wp\/v2\/posts\/2516"}],"collection":[{"href":"http:\/\/www.ardae.ro\/index.php?rest_route=\/wp\/v2\/posts"}],"about":[{"href":"http:\/\/www.ardae.ro\/index.php?rest_route=\/wp\/v2\/types\/post"}],"author":[{"embeddable":true,"href":"http:\/\/www.ardae.ro\/index.php?rest_route=\/wp\/v2\/users\/1"}],"replies":[{"embeddable":true,"href":"http:\/\/www.ardae.ro\/index.php?rest_route=%2Fwp%2Fv2%2Fcomments&post=2516"}],"version-history":[{"count":1,"href":"http:\/\/www.ardae.ro\/index.php?rest_route=\/wp\/v2\/posts\/2516\/revisions"}],"predecessor-version":[{"id":2517,"href":"http:\/\/www.ardae.ro\/index.php?rest_route=\/wp\/v2\/posts\/2516\/revisions\/2517"}],"wp:attachment":[{"href":"http:\/\/www.ardae.ro\/index.php?rest_route=%2Fwp%2Fv2%2Fmedia&parent=2516"}],"wp:term":[{"taxonomy":"category","embeddable":true,"href":"http:\/\/www.ardae.ro\/index.php?rest_route=%2Fwp%2Fv2%2Fcategories&post=2516"},{"taxonomy":"post_tag","embeddable":true,"href":"http:\/\/www.ardae.ro\/index.php?rest_route=%2Fwp%2Fv2%2Ftags&post=2516"}],"curies":[{"name":"wp","href":"https:\/\/api.w.org\/{rel}","templated":true}]}}