{"id":2511,"date":"2016-05-08T14:36:45","date_gmt":"2016-05-08T14:36:45","guid":{"rendered":"http:\/\/www.ardae.ro\/?p=2511"},"modified":"2016-05-08T14:36:45","modified_gmt":"2016-05-08T14:36:45","slug":"coping-with-the-digital-tehnology-user-generated-content-exeption-in-canadian-copyright-law-iasi-13-mai-2016","status":"publish","type":"post","link":"http:\/\/www.ardae.ro\/?p=2511","title":{"rendered":"Coping with the Digital Tehnology: User Generated Content Exeption in Canadian Copyright Law, Iasi, 13 mai 2016"},"content":{"rendered":"<p><!--more--><\/p>\n<p><i>Coping with the Digital Tehnology: User Generated Content Exeption in Canadian Copyright Law<\/i>\/13 mai 2016, Ia\u0219i<\/p>\n<p>&nbsp;<\/p>\n<p>&nbsp;<\/p>\n<p align=\"center\"><b><i>Coping with the Digital Tehnology: User Generated Content Exeption in Canadian Copyright Law<\/i><\/b><\/p>\n<p align=\"center\"><i>\u00a0<\/i><\/p>\n<p align=\"center\"><i>\u00a0<\/i><\/p>\n<p align=\"center\">Ia\u0219i, Universitatea \u201eAl. I. Cuza\u201d, Facultatea de Drept, Amf. III.9<\/p>\n<p align=\"center\">13 mai 2016, 12:00<\/p>\n<p align=\"center\">\n<p align=\"center\">\n<p><a href=\"http:\/\/www.centrulrobertianum.ro\/\" target=\"_blank\"><img loading=\"lazy\" decoding=\"async\" class=\"alignleft size-medium wp-image-2512\" alt=\"Victor Nabham copyright\" src=\"http:\/\/www.ardae.ro\/wp-content\/uploads\/Victor-Nabham-copyright-207x300.jpg\" width=\"207\" height=\"300\" \/><\/a>Centrul Robertianum de drept privat, Facultatea de Drept a Universit\u0103\u021bii \u201eAl. I. Cuza\u201d din Ia\u0219i, organizeaz\u0103 \u00een data de 13 mai 2016, ora 14:00, \u00een Amf. III.9 , Conferin\u021ba extraordinar\u0103 cu tema <b><i>Coping with the Digital Tehnology: User Generated Content Exeption in Canadian Copyright Law.<\/i><\/b><\/p>\n<p>&nbsp;<\/p>\n<p>Caracterul excep\u021bional al conferin\u021bei este dat de prezen\u021ba prestigiosului profesor franco\/canadian Victor Nabhan, pre\u0219edinte\u00a0 timp de doua decenii (1996-2016) al uneia dintre cele mai titrate asocia\u021bii literare din lume\u00a0 A.L.A.I. &#8211; ASSOCIATION LITT\u00c9RAIRE ET ARTISTIQUE INTERNATIONALE, fondat\u0103 \u00een 1878 la Paris de Victor Hugo.<\/p>\n<p>&nbsp;<\/p>\n<p>&nbsp;<\/p>\n<p>* mai multe informa\u021bii la adresa de e-mail: mcodrin@uaic.ro, lect. dr. Codrin Macovei, http:\/\/www.centrulrobertianum.ro\/<\/p>\n<p>&nbsp;<\/p>\n<p>&nbsp;<\/p>\n<p>&nbsp;<\/p>\n<p>&nbsp;<\/p>\n","protected":false},"excerpt":{"rendered":"","protected":false},"author":1,"featured_media":0,"comment_status":"closed","ping_status":"open","sticky":false,"template":"","format":"standard","meta":{"footnotes":""},"categories":[48],"tags":[],"class_list":["post-2511","post","type-post","status-publish","format-standard","hentry","category-evenimente"],"_links":{"self":[{"href":"http:\/\/www.ardae.ro\/index.php?rest_route=\/wp\/v2\/posts\/2511"}],"collection":[{"href":"http:\/\/www.ardae.ro\/index.php?rest_route=\/wp\/v2\/posts"}],"about":[{"href":"http:\/\/www.ardae.ro\/index.php?rest_route=\/wp\/v2\/types\/post"}],"author":[{"embeddable":true,"href":"http:\/\/www.ardae.ro\/index.php?rest_route=\/wp\/v2\/users\/1"}],"replies":[{"embeddable":true,"href":"http:\/\/www.ardae.ro\/index.php?rest_route=%2Fwp%2Fv2%2Fcomments&post=2511"}],"version-history":[{"count":1,"href":"http:\/\/www.ardae.ro\/index.php?rest_route=\/wp\/v2\/posts\/2511\/revisions"}],"predecessor-version":[{"id":2513,"href":"http:\/\/www.ardae.ro\/index.php?rest_route=\/wp\/v2\/posts\/2511\/revisions\/2513"}],"wp:attachment":[{"href":"http:\/\/www.ardae.ro\/index.php?rest_route=%2Fwp%2Fv2%2Fmedia&parent=2511"}],"wp:term":[{"taxonomy":"category","embeddable":true,"href":"http:\/\/www.ardae.ro\/index.php?rest_route=%2Fwp%2Fv2%2Fcategories&post=2511"},{"taxonomy":"post_tag","embeddable":true,"href":"http:\/\/www.ardae.ro\/index.php?rest_route=%2Fwp%2Fv2%2Ftags&post=2511"}],"curies":[{"name":"wp","href":"https:\/\/api.w.org\/{rel}","templated":true}]}}