{"id":2503,"date":"2016-04-28T10:59:01","date_gmt":"2016-04-28T10:59:01","guid":{"rendered":"http:\/\/www.ardae.ro\/?p=2503"},"modified":"2016-09-20T15:25:07","modified_gmt":"2016-09-20T15:25:07","slug":"conferinta-nationala-dreptul-societar-in-romania-si-uniunea-europeana-editia-a-vi-a-6-octombrie-2015","status":"publish","type":"post","link":"http:\/\/www.ardae.ro\/?p=2503","title":{"rendered":"Conferinta nationala Dreptul societar in Romania si Uniunea Europeana, editia a VI-a"},"content":{"rendered":"<p><!--more--><\/p>\n<p align=\"center\"><strong>Din motive obiective editia a VI-a a conferintei va avea loc in 2017. Va multumim pentru intelegere!<\/strong><\/p>\n<p align=\"center\"><strong>Conferinta nationala<\/strong><\/p>\n<p align=\"center\"><strong>Dreptul societar \u00een Romania si Uniunea Europeana,\u00a0<\/strong><strong>editia a VI-a<\/strong><\/p>\n<p>\u00a0Academia Rom\u00e2n\u0103, Sala de Consiliu<\/p>\n<p>Tematica anului 2017: R\u0103spunderea asocia\u0163ilor<\/p>\n<p>&nbsp;<\/p>\n<p>Conferin\u0163a este organizat\u0103 de\u00a0<strong>Institutul de Cercetari Juridice \u201cAcad. Andrei R\u0103dulescu\u201d<\/strong>\u00a0al Academiei Rom\u00e2ne \u2013\u00a0<strong>CSDE \u2013 Centrul de Studii de Drept European<\/strong><strong>\u00a0<\/strong>si\u00a0<a href=\"http:\/\/www.ardae.ro\/\" target=\"_blank\">ARDAE \u2013 Asociatia romana de drept si afaceri europene<\/a><\/p>\n<p><strong>\u00a0<\/strong><\/p>\n<p>Conferin\u021ba se dore\u0219te a fi un forum de analiz\u0103 a normelor juridice aplicabile \u00een dreptul societar din Romania, \u00een dreptul comparat \u015fi \u00een Uniunea European\u0103 relief\u00e2nd impactul modific\u0103rilor propunerilor \u015fi modificarilor recente. \u00cen cadrul conferin\u021bei participan\u021bii vor putea interac\u021biona pe tema conferin\u021bei ridic\u00e2nd probleme practice.<\/p>\n<p><em>In curs de elaborare!<\/em>\u00a0Lucr\u0103rile \u00eenscrise p\u00e2n\u0103 \u00een data de \u2026.. \u0219i acceptate de comitetul \u0219tiin\u021bific p\u00e2n\u0103 \u00een data de \u2026..vor fi publicate \u00eentr-un volum dedicat conferintei.\u00a0Lucr\u0103rile in extenso vor fi trimise \u00een format electronic pe adresa de e-mail a conferin\u021bei, p\u00e2n\u0103 la data de \u2026\u2026 Lucrarea trebuie s\u0103 fie conceput\u0103 \u00eentr-o form\u0103 original\u0103, s\u0103 nu fi fost publicat\u0103 sau prezentat\u0103 anterior la alte evenimente \u015fi s\u0103 respecte integral condi\u0163iile de form\u0103 solicitate.<\/p>\n<p><strong>Consiliul \u015ftiin\u0163ific \u015fi organizatoric al conferin\u0163ei:<\/strong><\/p>\n<p>Prof. univ. dr. Lucian Bercea, Universitatea de Vest Timi\u015foara<\/p>\n<p>CS I Gheorghe Buta, Institutul de Cercet\u0103ri Juridice \u201cAcad. Andrei R\u0103dulescu\u201d al Academiei Rom\u00e2ne<\/p>\n<p>Prof. univ. dr. Radu Catan\u0103, Universitatea Babe\u015f-Bolyai, Cluj-Napoca<\/p>\n<p>Prof. univ. dr. Gheorghe Piperea, Universitatea din Bucure\u015fti<\/p>\n<p>Lector univ. dr. Manole Ciprian Popa, Universitatea din Bucure\u015fti<\/p>\n<p>Dr. Andrei Savescu, Universitatea Rom\u00e2no-Americana<\/p>\n<p><a href=\"http:\/\/www.mihaisandru.ro\/\" target=\"_blank\">Prof. univ. dr. Daniel-Mihail \u015eandru, coordonator CSDE<\/a><\/p>\n<p>Conf. univ.dr. Lumini\u021ba Tulea\u0219c\u0103, Universitatea Rom\u00e2no-Americana<\/p>\n<p>&nbsp;<\/p>\n<p><strong>V\u0103 mul\u0163umim pentru retrimiterea acestei invita\u0163ii c\u0103tre toate persoanele interesate. E-mail\u00a0<\/strong><a href=\"mailto:ardae2007@gmail.com\">ardae2007@gmail.com<\/a><\/p>\n<p><a href=\"https:\/\/www.facebook.com\/events\/267990646900865\/\" target=\"_blank\">eveniment facebook<\/a><\/p>\n<p><strong>Parteneri<\/strong><br \/>\n<a href=\"http:\/\/www.ssj.ro\/\" target=\"_blank\">Societatea de Stiinte Juridice<\/a><br \/>\n<a href=\"http:\/\/www.wolterskluwer.ro\/revista-romana-de-drept-european\/\" target=\"_blank\">Revista rom\u00e2n\u0103 de drept european<\/a><br \/>\n<a href=\"http:\/\/www.wolterskluwer.ro\/revista-romana-de-drept-al-afacerilor\/\" target=\"_blank\">Revista\u00a0rom\u00e2n\u0103 de dreptul afacerilor<\/a><br \/>\n<a href=\"http:\/\/www.wolterskluwer.ro\/\" target=\"_blank\">Editura Wolters Kluwer<\/a><br \/>\n<a href=\"http:\/\/www.hotararicedo.ro\/\" target=\"_blank\">JurisclasorCEDO<\/a><br \/>\n<a href=\"http:\/\/www.forumuljudecatorilor.ro\/\" target=\"_blank\">Revista Forumul Judec\u0103torilor<\/a><br \/>\n<a href=\"http:\/\/www.editurauniversitara.ro\/\" target=\"_blank\">Editura Universitar\u0103<\/a><br \/>\n<a href=\"http:\/\/www.beck.ro\/\" target=\"_blank\">Editura C. H. Beck<\/a><br \/>\n<a href=\"http:\/\/aexa.eu\/\" target=\"_blank\">AEXA \u2013 Asociatia expertilor in achizitii<\/a><\/p>\n<p><a href=\"http:\/\/curieruljudiciar.ro\/\" target=\"_blank\">Curierul Judiciar<\/a><\/p>\n<p><a href=\"http:\/\/www.ardae.ro\/?p=371\" target=\"_blank\">Editia I \u2013 20 noiembrie 2011<\/a><\/p>\n<p><a href=\"http:\/\/www.csde.ro\/?p=1592\" target=\"_blank\">Editia a II-a \u2013 27 noiembrie 2012<\/a><\/p>\n<p><a href=\"http:\/\/www.csde.ro\/?p=2320\" target=\"_blank\">Editia a III-a \u2013 20 noiembrie 2013<\/a><\/p>\n<p><a href=\"http:\/\/www.ardae.ro\/?p=1232\">Editia a IV-a \u2013 4 decembrie 2014<\/a><\/p>\n<p><a href=\"http:\/\/www.csde.ro\/?p=2740\" target=\"_blank\">Editia a V-a \u2013 8 octombrie 2015<\/a><\/p>\n","protected":false},"excerpt":{"rendered":"","protected":false},"author":1,"featured_media":0,"comment_status":"closed","ping_status":"open","sticky":false,"template":"","format":"standard","meta":{"footnotes":""},"categories":[48],"tags":[],"class_list":["post-2503","post","type-post","status-publish","format-standard","hentry","category-evenimente"],"_links":{"self":[{"href":"http:\/\/www.ardae.ro\/index.php?rest_route=\/wp\/v2\/posts\/2503"}],"collection":[{"href":"http:\/\/www.ardae.ro\/index.php?rest_route=\/wp\/v2\/posts"}],"about":[{"href":"http:\/\/www.ardae.ro\/index.php?rest_route=\/wp\/v2\/types\/post"}],"author":[{"embeddable":true,"href":"http:\/\/www.ardae.ro\/index.php?rest_route=\/wp\/v2\/users\/1"}],"replies":[{"embeddable":true,"href":"http:\/\/www.ardae.ro\/index.php?rest_route=%2Fwp%2Fv2%2Fcomments&post=2503"}],"version-history":[{"count":6,"href":"http:\/\/www.ardae.ro\/index.php?rest_route=\/wp\/v2\/posts\/2503\/revisions"}],"predecessor-version":[{"id":2605,"href":"http:\/\/www.ardae.ro\/index.php?rest_route=\/wp\/v2\/posts\/2503\/revisions\/2605"}],"wp:attachment":[{"href":"http:\/\/www.ardae.ro\/index.php?rest_route=%2Fwp%2Fv2%2Fmedia&parent=2503"}],"wp:term":[{"taxonomy":"category","embeddable":true,"href":"http:\/\/www.ardae.ro\/index.php?rest_route=%2Fwp%2Fv2%2Fcategories&post=2503"},{"taxonomy":"post_tag","embeddable":true,"href":"http:\/\/www.ardae.ro\/index.php?rest_route=%2Fwp%2Fv2%2Ftags&post=2503"}],"curies":[{"name":"wp","href":"https:\/\/api.w.org\/{rel}","templated":true}]}}