{"id":2486,"date":"2016-03-25T09:25:23","date_gmt":"2016-03-25T09:25:23","guid":{"rendered":"http:\/\/www.ardae.ro\/?p=2486"},"modified":"2016-03-25T09:28:39","modified_gmt":"2016-03-25T09:28:39","slug":"augustin-mihalache","status":"publish","type":"post","link":"http:\/\/www.ardae.ro\/?p=2486","title":{"rendered":"Augustin Mihalache"},"content":{"rendered":"<p><!--more--><\/p>\n<p><strong>Augustin MIHALACHE<\/strong> este licen\u021biat al Facult\u0103\u021bii de \u0218tiin\u021be Politice \u00een limba englez\u0103 a Universit\u0103\u021bii din Bucure\u0219ti, pe care a absolvit-o ca \u0219ef de promo\u021bie \u00een anul 2002.<\/p>\n<p>\u00cen perioada 2002 &#8211; 2003 a urmat studii post-universitare \u00een domeniul rela\u021biilor interna\u021bionale la Universitatea din Torino, Italia.<\/p>\n<p>De\u021bine o Diplom\u0103 de Master \u00een Afaceri Europene, fiind absolvent, \u00een anul 2005, al Programului masteral organizat de Universitatea din Lund \u2013 Suedia (bursier al Institutului Suedez pe \u00eentreaga perioad\u0103 a studiilor).<\/p>\n<p>Din anul 2003\u00a0 de\u021bine func\u021bia de consilier pentru afaceri europene \u00een cadrul Direc\u021biei de Afaceri Europene din Ministerul Educa\u021biei, fiind membru \u0219i reprezentant na\u021bional \u00een mai multe Comitete \u0219i grupuri de lucru organizate de Comisia European\u0103 \u0219i de Consiliul Uniunii Europene.<\/p>\n<p>&nbsp;<\/p>\n<p>Membru aderent al\u00a0<a href=\"http:\/\/www.ardae.ro\/\" target=\"_blank\">ARDAE<\/a>\u00a0&#8211; Asociatia romana de drept si afaceri europene din 02.03.2016.<\/p>\n<p>***<\/p>\n<p><a href=\"http:\/\/www.ardae.ro\/?p=436\" target=\"_blank\"><strong>Lista membri aderenti ARDAE \u2013 Asociatia romana de drept si afaceri europene<\/strong><\/a><\/p>\n<p><strong>Revista ARDAE<\/strong>\u00a0\u2013\u00a0<a href=\"http:\/\/iaduer.ro\/\"><em>Afaceri juridice europene<\/em><\/a><a href=\"http:\/\/iaduer.ro\/?p=1285\" target=\"_blank\"><br \/>\n<\/a><\/p>\n<p><strong>PROIECTUL IADUER<\/strong>\u00a0\u2013 interpretarea si aplicarea dreptului Uniunii Europene in Romania \u2013\u00a0<a href=\"http:\/\/iaduer.ro\/?p=162\" target=\"_blank\">Lista trimiterilor preliminare din Romania, inregistrate la CJUE<\/a><\/p>\n<p><a href=\"https:\/\/eubusinesslaw.wordpress.com\/2015\/08\/03\/dialog-forum-drept-si-afaceri-europene-in-romania\/\" target=\"_blank\">Dialog &amp; forum Drept si afaceri europene in Romania<\/a><\/p>\n","protected":false},"excerpt":{"rendered":"","protected":false},"author":1,"featured_media":0,"comment_status":"closed","ping_status":"open","sticky":false,"template":"","format":"standard","meta":{"footnotes":""},"categories":[10],"tags":[],"class_list":["post-2486","post","type-post","status-publish","format-standard","hentry","category-membri-aderenti"],"_links":{"self":[{"href":"http:\/\/www.ardae.ro\/index.php?rest_route=\/wp\/v2\/posts\/2486"}],"collection":[{"href":"http:\/\/www.ardae.ro\/index.php?rest_route=\/wp\/v2\/posts"}],"about":[{"href":"http:\/\/www.ardae.ro\/index.php?rest_route=\/wp\/v2\/types\/post"}],"author":[{"embeddable":true,"href":"http:\/\/www.ardae.ro\/index.php?rest_route=\/wp\/v2\/users\/1"}],"replies":[{"embeddable":true,"href":"http:\/\/www.ardae.ro\/index.php?rest_route=%2Fwp%2Fv2%2Fcomments&post=2486"}],"version-history":[{"count":5,"href":"http:\/\/www.ardae.ro\/index.php?rest_route=\/wp\/v2\/posts\/2486\/revisions"}],"predecessor-version":[{"id":2491,"href":"http:\/\/www.ardae.ro\/index.php?rest_route=\/wp\/v2\/posts\/2486\/revisions\/2491"}],"wp:attachment":[{"href":"http:\/\/www.ardae.ro\/index.php?rest_route=%2Fwp%2Fv2%2Fmedia&parent=2486"}],"wp:term":[{"taxonomy":"category","embeddable":true,"href":"http:\/\/www.ardae.ro\/index.php?rest_route=%2Fwp%2Fv2%2Fcategories&post=2486"},{"taxonomy":"post_tag","embeddable":true,"href":"http:\/\/www.ardae.ro\/index.php?rest_route=%2Fwp%2Fv2%2Ftags&post=2486"}],"curies":[{"name":"wp","href":"https:\/\/api.w.org\/{rel}","templated":true}]}}