{"id":237,"date":"2014-02-26T12:51:41","date_gmt":"2014-02-26T12:51:41","guid":{"rendered":"http:\/\/www.ardae.ro\/?p=237"},"modified":"2014-11-06T18:14:23","modified_gmt":"2014-11-06T18:14:23","slug":"dealing-with-eu-law-the-role-of-national-courts-in-the-interpretation-and-application-of-european-union-law-mihai-sandru-giuseppe-martinico-mihai-banu-eds-ed-universitara-2013","status":"publish","type":"post","link":"http:\/\/www.ardae.ro\/?p=237","title":{"rendered":"DEALING WITH EU LAW. The role of national courts in the interpretation and application of European Union law, Mihai Sandru, Giuseppe Martinico, Mihai Banu (eds.), Ed. Universitara, 2013"},"content":{"rendered":"<p><a href=\"http:\/\/www.ardae.ro\/wp-content\/uploads\/Dealing_with_EU_law.jpg\"><!--more--><img loading=\"lazy\" decoding=\"async\" class=\"alignleft size-medium wp-image-568\" alt=\"Dealing_with_EU_law\" src=\"http:\/\/www.ardae.ro\/wp-content\/uploads\/Dealing_with_EU_law-208x300.jpg\" width=\"208\" height=\"300\" srcset=\"http:\/\/www.ardae.ro\/wp-content\/uploads\/Dealing_with_EU_law-208x300.jpg 208w, http:\/\/www.ardae.ro\/wp-content\/uploads\/Dealing_with_EU_law-710x1024.jpg 710w, http:\/\/www.ardae.ro\/wp-content\/uploads\/Dealing_with_EU_law.jpg 900w\" sizes=\"(max-width: 208px) 100vw, 208px\" \/><\/a>DEALING WITH EU LAW. The role of national courts in the interpretation and application of European Union law, Mihai Sandru, Giuseppe Martinico, Mihai Banu (eds.), <a href=\"http:\/\/www.editurauniversitara.ro\/carte\/carti_in_curs_de_aparitie\/dealing_with_eu_law_the_role_of_national_courts_in_the_interpretation_and_application_of_european_union_law\/10623\" target=\"_blank\">Ed. Universitara, 2014, ISBN\u00a0978-606-591-749-1, DOI\u00a010.5682\/9786065917491, 227 p.<\/a><\/p>\n<p style=\"text-align: justify;\" align=\"center\">Between Rights and Charters: ECHR and EU law before national judges (Giuseppe MARTINICO)<\/p>\n<p style=\"text-align: justify;\" align=\"center\">Deferential dialogues between supranational and constitutional courts in the European multi-level system (Ioana R\u0102DUCU)<\/p>\n<p style=\"text-align: justify;\">Overcoming the legal Iron curtain: Similarities and dissimilarities in the use of preliminary references between new and old Member States (Juan A. MAYORAL)<\/p>\n<p style=\"text-align: justify;\">Proportionality to balance trade in services and fundamental rights between the European Court of Justice and national courts (Giuseppe BIANCO, Tatum RAGUES)<\/p>\n<p style=\"text-align: justify;\">The role of the European Court of Justice in the interpretation of indirect taxes within the preliminary reference procedure (Ricardo GARC\u00cdA ANT\u00d3N)<\/p>\n<p style=\"text-align: justify;\">The review of national action for compliance with the Charter of Fundamental Rights of the European Union in the context of the preliminary reference procedure (Mihaela VRABIE)<\/p>\n<p style=\"text-align: justify;\">The thin line between the Charter of Fundamental Rights of the European Union and the European Convention on Human Rights. Trends and patterns in preliminary references in Romanian courts (Daniel Mihail \u015eANDRU, Constantin Mihai BANU, Drago\u015f Alin C\u0102LIN)<\/p>\n<p style=\"text-align: center;\">***<\/p>\n<p style=\"text-align: justify;\"><a href=\"http:\/\/carti.juridice.ro\/2636\/dealing-with-eu-law-the-role-of-national-courts-in-the-interpretation-and-application-of-european-union-law-mihai-sandru-giuseppe-martinico-mihai-banu.html\" target=\"_blank\">carti.JURIDICE.ro<\/a>, <a href=\"http:\/\/www.forumuljudecatorilor.ro\/index.php\/2014\/03\/dealing-with-eu-law-the-role-of-national-courts-in-the-interpretation-and-application-of-european-union-law-mihai-%C8%99andru-giuseppe-martinico-mihai-banu-eds-editura-universitara-2014\/\" target=\"_blank\">ForumulJudecatorilor.ro<\/a>, <a href=\"http:\/\/papers.ssrn.com\/sol3\/papers.cfm?abstract_id=2404902\" target=\"_blank\">SSRN<\/a>,\u00a0<a href=\"https:\/\/www.academia.edu\/6293067\/DEALING_WITH_EU_LAW._The_role_of_national_courts_in_the_interpretation_and_application_of_European_Union_Law\" target=\"_blank\">academia.edu<\/a>, <a href=\"https:\/\/www.researchgate.net\/publication\/260504752_DEALING_WITH_EU_LAW._The_role_of_national_courts_in_the_interpretation_and_application_of_European_Union_Law_Mihai_Sandru_Giuseppe_Martinico_Mihai_Banu_(eds.)_Ed._Universitara_2014_ISBN_978-606-591-749-1_DOI_10.5682978606591749_227_p\" target=\"_blank\">researchgate.net<\/a><\/p>\n<p style=\"text-align: center;\">***<\/p>\n<p><strong><em>1. Dealing with EU law or about meeting different legal orders.\u00a0<\/em><\/strong><\/p>\n<p><em>So much has been said (and written) about the role that judges play in the EU legal order. Suffice is to remember here certain appellations that national courts (or judges) have received during the years of EC\/EU law: for Judge David Edward, the national courts are the \u201cPowerhouse of Community Law\u201d;<a title=\"\" href=\"file:\/\/\/C:\/Users\/Admin\/Desktop\/Intro%20Mihai(s).doc#_ftn1\">[1]<\/a>\u00a0for Professor Monica Claes, these courts have a mandate derived from the European Constitution;<a title=\"\" href=\"file:\/\/\/C:\/Users\/Admin\/Desktop\/Intro%20Mihai(s).doc#_ftn2\">[2]<\/a>\u00a0or for Michal Bobek, the image created by the case law of the Court of Justice for the national judge is that of a \u201cEuropean judicial Hercules\u201d.<a title=\"\" href=\"file:\/\/\/C:\/Users\/Admin\/Desktop\/Intro%20Mihai(s).doc#_ftn3\">[3]<\/a><\/em><\/p>\n<p><em>This new book aims to provide some insights on recent trends and patters in judicial dialogue between the Court of Justice of the European Union (hereinafter \u201cCJEU\u201d) and national courts (Constitutional Courts included).<\/em><\/p>\n<p><strong><em>2. Towards a turning point in the multilevel constitutional system of the EU?<\/em><\/strong><\/p>\n<p><em>It is possible to identify some new trends that might lead to a fundamental turning point in the multilevel constitutional system of the EU.<\/em><\/p>\n<p><em>A first trend is represented by the contradictory developments in the relationship between national Constitutional Court and the CJEU.<\/em><\/p>\n<p><em>On 26 February 2013 the CJEU decided Melloni,<a title=\"\" href=\"file:\/\/\/C:\/Users\/Admin\/Desktop\/Intro%20Mihai(s).doc#_ftn4\">[4]<\/a>\u00a0a very important case triggered by a preliminary question raised by the Spanish Constitutional Court.<\/em><\/p>\n<p><em>This preliminary question had gathered the attention of scholars for at least two reasons: first of all, it was raised by the Spanish Constitutional Court, which for the first time had decided to use Article 267 TFEU.<\/em><\/p>\n<p><em>In this sense Melloni represented the latest link of a longer chain of preliminary questions raised by a national Constitutional Court (as we know, The Constitutional Courts of Belgium,<a title=\"\" href=\"file:\/\/\/C:\/Users\/Admin\/Desktop\/Intro%20Mihai(s).doc#_ftn5\"><sup><sup>[5]<\/sup><\/sup><\/a>\u00a0Austria,<a title=\"\" href=\"file:\/\/\/C:\/Users\/Admin\/Desktop\/Intro%20Mihai(s).doc#_ftn6\"><sup><sup>[6]<\/sup><\/sup><\/a>\u00a0Lithuania,<a title=\"\" href=\"file:\/\/\/C:\/Users\/Admin\/Desktop\/Intro%20Mihai(s).doc#_ftn7\"><sup><sup>[7]<\/sup><\/sup><\/a>\u00a0Italy<a title=\"\" href=\"file:\/\/\/C:\/Users\/Admin\/Desktop\/Intro%20Mihai(s).doc#_ftn8\"><sup><sup>[8]<\/sup><\/sup><\/a>\u00a0and Spain,<a title=\"\" href=\"file:\/\/\/C:\/Users\/Admin\/Desktop\/Intro%20Mihai(s).doc#_ftn9\"><sup><sup>[9]<\/sup><\/sup><\/a>\u00a0and lastly France,<a title=\"\" href=\"file:\/\/\/C:\/Users\/Admin\/Desktop\/Intro%20Mihai(s).doc#_ftn10\">[10]<\/a>have agreed to make a preliminary reference to the CJEU).<\/em><\/p>\n<p><em>As we know in that case CJEU refused a minimalist interpretation of Article 53 of the Charter of Fundamental Rights of the European Union (hereinafter \u201cCharter\u201d), by saying that the \u201cCharter would undermine the principle of the primacy of EU law inasmuch as it would allow a Member State to disapply EU legal rules which are fully in compliance with the Charter where they infringe the fundamental rights guaranteed by that State\u2019s constitution\u201d (paragraph 56, emphasis added) and then added at paragraph 60: \u201cIt is true that Article 53 of the Charter confirms that, where an EU legal act calls for national implementing measures, national authorities and courts remain free to apply national standards of protection of fundamental rights, provided that the level of protection provided for by the Charter, as interpreted by the Court, and the primacy, unity and effectiveness of EU law are not thereby compromised\u201d (emphasis added).<\/em><\/p>\n<p><em>This was seen as a return to an absolute conception of primacy<a title=\"\" href=\"file:\/\/\/C:\/Users\/Admin\/Desktop\/Intro%20Mihai(s).doc#_ftn11\">[11]<\/a>\u00a0and in general it sounded very tough.<\/em><\/p>\n<p><em>More in general, this case gives an idea of the very difficult role played by national Constitutional Courts and of the part relativisation, for certain aspects, of their mandate.<\/em><\/p>\n<p><em>This decision is in fact in line with other recent rulings of the CJEU whereby the Luxembourg Court did not show great deference towards national Constitutional Courts; reference should be made to the Filipiak,<a title=\"\" href=\"file:\/\/\/C:\/Users\/Admin\/Desktop\/Intro%20Mihai(s).doc#_ftn12\">[12]<\/a>\u00a0Winner Wetten<a title=\"\" href=\"file:\/\/\/C:\/Users\/Admin\/Desktop\/Intro%20Mihai(s).doc#_ftn13\">[13]<\/a>\u00a0and Kri\u017ean<a title=\"\" href=\"file:\/\/\/C:\/Users\/Admin\/Desktop\/Intro%20Mihai(s).doc#_ftn14\"><sup><sup>[14]<\/sup><\/sup><\/a>Cases.<\/em><\/p>\n<p><em>Another tough case is Landtov\u00e0,<a title=\"\" href=\"file:\/\/\/C:\/Users\/Admin\/Desktop\/Intro%20Mihai(s).doc#_ftn15\">[15]<\/a>\u00a0whereby the Luxembourg Court had challenged the case law of the Czech Constitutional Court (\u00dastavn\u00ed soud) by concluding that \u201cthe \u00dastavn\u00ed soud judgment involves a direct discrimination based on nationality and indirect discrimination based on nationality, as a result of the residence test, against those who have made use of their freedom of movement\u201d (paragraph 49, emphasis added).<\/em><\/p>\n<p><em>As we know the Czech Constitutional Court replied to this decision.<a title=\"\" href=\"file:\/\/\/C:\/Users\/Admin\/Desktop\/Intro%20Mihai(s).doc#_ftn16\">[16]<\/a>\u00a0In this decision the Czech Constitutional Court surprisingly decided to apply the ultra vires control (devised by the German Constitutional Court) by declaring a previous decision of the CJEU ultra vires and going beyond the menace sent by the German Constitutional Court in the Lisbon decision<a title=\"\" href=\"file:\/\/\/C:\/Users\/Admin\/Desktop\/Intro%20Mihai(s).doc#_ftn17\">[17]<\/a>\u00a0(and mitigated in the Honeywell Case<a title=\"\" href=\"file:\/\/\/C:\/Users\/Admin\/Desktop\/Intro%20Mihai(s).doc#_ftn18\">[18]<\/a>).<\/em><\/p>\n<p><em>As said, we see a little contradiction here: while the CJEU is delivering \u201cmuscular\u201d judgments (another tough judgment for Constitutional Courts is Melki<a title=\"\" href=\"file:\/\/\/C:\/Users\/Admin\/Desktop\/Intro%20Mihai(s).doc#_ftn19\">[19]<\/a>) a growing number of Constitutional Courts have been progressively accepting the cooperative mechanism set up by Article 267 TFEU.<\/em><\/p>\n<p><em>The reasons behind this revirement might be different: for instance, Constitutional Courts could have been influenced by what Ruggeri<a title=\"\" href=\"file:\/\/\/C:\/Users\/Admin\/Desktop\/Intro%20Mihai(s).doc#_ftn20\">[20]<\/a>\u00a0called the \u201cEuropeanization of counter-limits\u201d and the consequent post-Omega<a title=\"\" href=\"file:\/\/\/C:\/Users\/Admin\/Desktop\/Intro%20Mihai(s).doc#_ftn21\">[21]<\/a>\u00a0phase, on the one hand, and by the sword represented by the K\u00f6bler<a title=\"\" href=\"file:\/\/\/C:\/Users\/Admin\/Desktop\/Intro%20Mihai(s).doc#_ftn22\"><sup><sup>[22]<\/sup><\/sup><\/a>\u00a0doctrine, on the other hand.<\/em><\/p>\n<p><em>In any case, it seems that the progressive acceptance of Article 267 TFEU by Constitutional Courts cannot help \u2013 per se \u2013 in overcoming these tensions between national guardians and the CJEU but this conclusion is not necessarily pessimistic.<\/em><\/p>\n<p><em>In fact constitutional conflicts have always been crucial in the history of EU law, as they have worked as an engine to produce fundamental transformations.<\/em><\/p>\n<p><em>Look at the Solange Case<a title=\"\" href=\"file:\/\/\/C:\/Users\/Admin\/Desktop\/Intro%20Mihai(s).doc#_ftn23\">[23]<\/a>\u00a0for instance: a potential crisis of the European process which actually served as a turning point, opening a new season in the case law of the CJEU and the Constitutional Courts.<\/em><\/p>\n<p><em>Another potential turning point is the future accession of the EU to the European Convention on Human Rights (hereinafter \u201cECHR\u201d).<\/em><\/p>\n<p><em>The final draft of the agreement concerning the accession of the EU to the ECHR<a title=\"\" href=\"file:\/\/\/C:\/Users\/Admin\/Desktop\/Intro%20Mihai(s).doc#_ftn24\">[24]<\/a>is ready. This does not mean that the accession process has been concluded. There is still a long road ahead since some key players have to be involved, for instance the Court of Justice of the EU.<a title=\"\" href=\"file:\/\/\/C:\/Users\/Admin\/Desktop\/Intro%20Mihai(s).doc#_ftn25\">[25]<\/a><\/em><\/p>\n<p><em>The negotiation process started after the coming into force of the Reform Treaty of Lisbon, whose Article 6 TEU commands the accession of the EU to the system of the Convention. This provision is completed by Protocol no. 8 attached to the Lisbon Treaty and devoted to the accession of the EU to the ECHR.<\/em><\/p>\n<p><em>Leaving more general questions aside, this event will have deep implications on the function of national courts as well.<\/em><\/p>\n<p><em>Why does this matter? Because national courts are the real \u2018natural judges\u2019 of both EU law and the ECHR, for different reasons. They are at the same time the first guardians of the Simmenthal doctrine for EU law<a title=\"\" href=\"file:\/\/\/C:\/Users\/Admin\/Desktop\/Intro%20Mihai(s).doc#_ftn26\">[26]<\/a>\u00a0and, at the same time, the first adjudicators of the ECHR in national systems, due to the principle of subsidiarity.<\/em><\/p>\n<p><strong><em>\u00a03. Brief sketch of the contributions included in this book<\/em><\/strong><\/p>\n<p><em>The book features seven contributions. Their order is not accidental: specific issues come after more general topics, these latter being dealt with within the first three chapters.<\/em><\/p>\n<p><em>The first article included in this book and written by Giuseppe Martinico serves as a relevant introduction to the subject-matter of this book. It aims at exploring the interesting issue of judicial application of the ECHR and EU law, in order to elucidate the vertical relationship between national judges (constitutional and common law alike) and these external legal sources.<\/em><\/p>\n<p><em>The second contribution is somehow related to the first one: Ioana R\u0103ducu discusses the dialogue between courts, and more precisely the way the former accept the decisions rendered by supranational courts and also the role played by the judicial dialogue in reducing the risk of conflicts between courts. Yet the emphasis placed by the author on this judicial dialogue is that of deference. The value of (judicial) dialogue in the EU, as discussed by the author, comes along with pragmatic advantages for both EU and domestic legal orders.<\/em><\/p>\n<p><em>The third chapter, authored by Juan A. Mayoral, approaches the issue of the use of preliminary ruling procedure and tries to establish determinants liable to explain differences in its use between new and old Member States. The value of this contribution lies especially in presenting original and comprehensive data on the use of preliminary references (1961-2011) in all 27 Member States and also in identifying differences in institutional dynamics at the national level.<\/em><\/p>\n<p><em>Giuseppe Bianco and Tatum Ragues present the interesting topic of balance between one fundamental freedom of the European Union (free movement of services) and fundamental rights, as it comes out from the approaches followed by the Court of Justice of the European Union in its rich case law. The authors emphasize the constitutional dimension of the principle of proportionality in the approach taken by the Court of Justice.<\/em><\/p>\n<p><em>Within the same preliminary ruling procedure, Ricardo Garc\u00eda Ant\u00f3n approaches in the fifth chapter of this book the role played by the Court of Justice in the field of indirect taxation. Two fundamental questions are explained here: the judicial dialogue between the European court and national courts and the role adopted by the Court of Justice. According to the author, within this field, the Court adopts a more hierarchical role, rather than the traditional cooperative one: \u201cthe traditional functions of the CJEU within the preliminary reference system are being replaced by those which belong to a national Supreme Court\u201d (p 116). This paradigm shift is explored at length.<\/em><\/p>\n<p><em>The sixth contribution, written by Mihaela Vrabie, approaches the status of the Charter of Fundamental Rights of the European Union in the framework of the preliminary reference procedure, also concerning the much debated issue of the field of application of the Charter with regard to Member States.<\/em><\/p>\n<p><em>The final chapter introduces the parallel application of the Charter of Fundamental Rights and the European Convention on Human Rights by Romanian courts, as pointed out by certain preliminary references to the Court of Justice made by the former, but also in certain decisions by which courts rejected requests of the parties to make references to the Court of Justice. Certain patterns in that regard are approached.<\/em><\/p>\n<p><strong><em>\u00a0***, Introduction, Dealing with EU Law. The Role of National Courts in the Interpretation and Application of European Union Law, Mihai Sandru, Giuseppe Martinico, Mihai Banu (eds), Editura Universitar\u0103, 2014.<\/em><\/strong><\/p>\n<div><br clear=\"all\" \/><em>\u00a0<\/em><\/p>\n<hr align=\"left\" size=\"1\" width=\"33%\" \/>\n<div>\n<p><em><a title=\"\" href=\"file:\/\/\/C:\/Users\/Admin\/Desktop\/Intro%20Mihai(s).doc#_ftnref1\">[1]<\/a>\u00a0The title of the Mackenzie Stuart Lecture for 2002-2003 delivered by David Edward on 18 October 2002 \u2013 National Courts \u2013 the Powerhouse of Community Law, published in The Cambridge Yearbook of European Legal Studies, Vol. 5, 2002-2003, John Bell, Alan Dashwood, John Spencer and Angela Ward (eds.), Oxford and Portland-Oregon: Hart Publishing, 2004, 1-13.<\/em><\/p>\n<\/div>\n<div>\n<p><em><a title=\"\" href=\"file:\/\/\/C:\/Users\/Admin\/Desktop\/Intro%20Mihai(s).doc#_ftnref2\">[2]<\/a>\u00a0Monica Claes, The National Courts\u2019 Mandate in the European Constitution, Oxford and Portland, Oregon: Hart Publishing, 2006.<\/em><\/p>\n<\/div>\n<div>\n<p><em><a title=\"\" href=\"file:\/\/\/C:\/Users\/Admin\/Desktop\/Intro%20Mihai(s).doc#_ftnref3\">[3]<\/a>\u00a0Michal Bobek, On the Application of European Law in (Not Only) the Courts of the New Member States: \u2018Don\u2019t Do as I Say\u2019?, in C. Barnard (ed), Cambridge Yearbook of European of Legal Studies, Vol. 10 (2007-2008), Oxford and Portland-Oregon: Hart Publishing, 2008, p. 1-34.<\/em><\/p>\n<\/div>\n<div>\n<p><em><a title=\"\" href=\"file:\/\/\/C:\/Users\/Admin\/Desktop\/Intro%20Mihai(s).doc#_ftnref4\">[4]<\/a>\u00a0Case C-399\/11, Stefano Melloni v Ministerio Fiscal, nyr, available at www.curia.europa.eu<\/em><\/p>\n<\/div>\n<div>\n<p><em><a title=\"\" href=\"file:\/\/\/C:\/Users\/Admin\/Desktop\/Intro%20Mihai(s).doc#_ftnref5\">[5]<\/a>\u00a0Among others see: Cour d\u2019Arbitrage, 19February 1997, no. 6\/97, available at www.arbitrage.be\/fr\/common\/home.html.<\/em><\/p>\n<\/div>\n<div>\n<p><em><a title=\"\" href=\"file:\/\/\/C:\/Users\/Admin\/Desktop\/Intro%20Mihai(s).doc#_ftnref6\">[6]<\/a>\u00a0Among others see: VfGH, 10 March 1999, B 2251\/97, B 2594\/97, available at www.vfgh.gv.at\/cms\/vfgh-site.<\/em><\/p>\n<\/div>\n<div>\n<p><em><a title=\"\" href=\"file:\/\/\/C:\/Users\/Admin\/Desktop\/Intro%20Mihai(s).doc#_ftnref7\">[7]<\/a>\u00a0Lietuvos Respublikos Konstitucinis Teismas, decision of 8 May 2007, available at www.lrkt.lt\/dokumentai\/2007\/d070508.htm.<\/em><\/p>\n<\/div>\n<div>\n<p><em><a title=\"\" href=\"file:\/\/\/C:\/Users\/Admin\/Desktop\/Intro%20Mihai(s).doc#_ftnref8\">[8]<\/a>\u00a0Corte Costituzionale, sentenza no. 102\/2008 and ordinanza no. 103\/2008, available at www.cortecostituzionale.it. The preliminary reference was raised during principaliter proceedings.<\/em><\/p>\n<\/div>\n<div>\n<p><em><a title=\"\" href=\"file:\/\/\/C:\/Users\/Admin\/Desktop\/Intro%20Mihai(s).doc#_ftnref9\">[9]<\/a>\u00a0STC Auto 86\/2011,<\/em><\/p>\n<p><em>http:\/\/www.tribunalconstitucional.es\/es\/jurisprudencia\/Paginas\/Auto.aspx?cod=10386.<\/em><\/p>\n<\/div>\n<div>\n<p><em><a title=\"\" href=\"file:\/\/\/C:\/Users\/Admin\/Desktop\/Intro%20Mihai(s).doc#_ftnref10\">[10]<\/a>\u00a0Conseil Constitutionnel, D\u00e9cision n\u00b0 2013-314P QPC of 4 April 2013, http:\/\/www.conseil-constitutionnel.fr\/conseil-constitutionnel\/francais\/les-decisions\/acces-par-date\/decisions-depuis-1959\/2013\/2013-314p-qpc\/decision-n-2013-314p-qpc-du-04-avril-2013.136588.html.<\/em><\/p>\n<\/div>\n<div>\n<p><em><a title=\"\" href=\"file:\/\/\/C:\/Users\/Admin\/Desktop\/Intro%20Mihai(s).doc#_ftnref11\">[11]<\/a>\u00a0To quote the formula used, also recently, by some scholars: A. von Bogdandy and S. Schill, \u2018Overcoming absolute primacy: Respect for national identity under the Lisbon Treaty\u2019, CML Rev, Vol 48, No 5, 2011, pp. 1417-53.<\/em><\/p>\n<\/div>\n<div>\n<p><em><a title=\"\" href=\"file:\/\/\/C:\/Users\/Admin\/Desktop\/Intro%20Mihai(s).doc#_ftnref12\">[12]<\/a>\u00a0Case C-314\/08, Filipiak [2009] ECR I-11049.<\/em><\/p>\n<\/div>\n<div>\n<p><em><a title=\"\" href=\"file:\/\/\/C:\/Users\/Admin\/Desktop\/Intro%20Mihai(s).doc#_ftnref13\">[13]<\/a>\u00a0Case C-409\/06, Winner Wetten [2010] ECR I-8015.<\/em><\/p>\n<\/div>\n<div>\n<p><em><a title=\"\" href=\"file:\/\/\/C:\/Users\/Admin\/Desktop\/Intro%20Mihai(s).doc#_ftnref14\">[14]<\/a>\u00a0Case C-416\/10, Kri\u017ean &amp; Others v Slovensk\u00e1 in\u0161pekcia \u017eivotn\u00e9ho prostredia, nyr, available at www.curia.europa.eu.<\/em><\/p>\n<\/div>\n<div>\n<p><em><a title=\"\" href=\"file:\/\/\/C:\/Users\/Admin\/Desktop\/Intro%20Mihai(s).doc#_ftnref15\">[15]<\/a>\u00a0Case C-399\/09, Landtov\u00e1, [2011] ECR I-5573.<\/em><\/p>\n<\/div>\n<div>\n<p><em><a title=\"\" href=\"file:\/\/\/C:\/Users\/Admin\/Desktop\/Intro%20Mihai(s).doc#_ftnref16\">[16]<\/a>\u00a0Judgment of 31 January, Pl. \u00daS 5\/12, Slovak Pensions XVII. The English translation is available at the CCC\u2019s website, http:\/\/www.usoud.cz\/view\/6342.<\/em><\/p>\n<\/div>\n<div>\n<p><em><a title=\"\" href=\"file:\/\/\/C:\/Users\/Admin\/Desktop\/Intro%20Mihai(s).doc#_ftnref17\">[17]<\/a>\u00a0Lisbon Case, BVerfG, 2 BvE 2\/08, from 30 June 2009, available at www.bundesverfassungsgericht.de\/entscheidungen\/es20090630_2bve000208.html.<\/em><\/p>\n<\/div>\n<div>\n<p><em><a title=\"\" href=\"file:\/\/\/C:\/Users\/Admin\/Desktop\/Intro%20Mihai(s).doc#_ftnref18\">[18]<\/a>\u00a0Case 2 BvR 2261\/06, Decision of 26 August 2010.<\/em><\/p>\n<\/div>\n<div>\n<p><em><a title=\"\" href=\"file:\/\/\/C:\/Users\/Admin\/Desktop\/Intro%20Mihai(s).doc#_ftnref19\">[19]<\/a>\u00a0\u201cThe Court has concluded therefrom that the existence of a rule of national law whereby courts or tribunals against whose decisions there is a judicial remedy are bound on points of law by the rulings of a court superior to them cannot, on the basis of that fact alone, deprive the lower courts of the right provided for in Article 267 TFEU to refer questions on the interpretation of EU law to the Court of Justice (see, to that effect, Rheinm\u00fchlen-D\u00fcsseldorf, paragraphs 4 and 5, and Cartesio, paragraph 94). The lower court must be free, in particular if it considers that a higher court\u2019s legal ruling could lead it to give a judgment contrary to EU law, to refer to the Court questions which concern it (Case C-378\/08 ERG and Others [2010] ECR I-0000, paragraph 32)\u201d (paragraph 42), Joined Cases C-188\/10 and C-189\/10, Melki and Abdeli, [2010] ECR I-5667.<\/em><\/p>\n<\/div>\n<div>\n<p><em><a title=\"\" href=\"file:\/\/\/C:\/Users\/Admin\/Desktop\/Intro%20Mihai(s).doc#_ftnref20\">[20]<\/a>\u00a0A Ruggeri, \u201c\u2019Tradizioni costituzionali comuni\u2019 e \u2018controlimiti\u2019, tra teoria delle fonti e teoria dell\u2019 interpretazione\u201d [2003] Diritto pubblico comparato ed Europeo 102.<\/em><\/p>\n<\/div>\n<div>\n<p><em><a title=\"\" href=\"file:\/\/\/C:\/Users\/Admin\/Desktop\/Intro%20Mihai(s).doc#_ftnref21\">[21]<\/a>\u00a0Case C-36\/02 Omega [2004] ECR I-9609, paras 34-35, 39-41. On Omega, see Alberto Alemanno, \u00abA la recherche d\u2019un juste \u00e9quilibre entre libert\u00e9s fondamentales et droits fondamentaux dans le cadre du march\u00e9 int\u00e9rieur. Quelques r\u00e9flexions \u00e0 propos des arr\u00eats Schmidberger et Omega\u00bb [2004] Revue du droit de l\u2019Union europ\u00e9enne 4, p. 709.<\/em><\/p>\n<\/div>\n<div>\n<p><em><a title=\"\" href=\"file:\/\/\/C:\/Users\/Admin\/Desktop\/Intro%20Mihai(s).doc#_ftnref22\">[22]<\/a>\u00a0Case C-224\/01, K\u00f6bler [2003] ECR I-10239.<\/em><\/p>\n<\/div>\n<div>\n<p><em><a title=\"\" href=\"file:\/\/\/C:\/Users\/Admin\/Desktop\/Intro%20Mihai(s).doc#_ftnref23\">[23]<\/a>\u00a0BVerfG 37, 271 2 BvL 52\/71 Solange I-Beschlu\u00df.BVerfG 73, 339, in http:\/\/www.bundesverfassungsgericht.de\/en\/index.html; BVerfG 89, 155, in http:\/\/www.bundesverfassungsgericht.de\/en\/index.html; BVerfG 102, 147, in http:\/\/www.bundesverfassungsgericht.de\/en\/index.html.<\/em><\/p>\n<\/div>\n<div>\n<p><em><a title=\"\" href=\"file:\/\/\/C:\/Users\/Admin\/Desktop\/Intro%20Mihai(s).doc#_ftnref24\">[24]<\/a>\u00a0On the accession see, among others, P. Gragl, The Accession of the European Union to the European Convention on Human Rights, Hart, Oxford, 2013, T. Lock, \u201cWalking on a Tightrope: The Draft Accession Agreement and the Autonomy of the EU Legal Order\u201d, CML Rev, Vol. 48, No 4, 2011, pp. 1025-1054, T. Lock, \u201cEU Accession to the ECHR: Implications for Judicial Review in Strasbourg\u201d, EL Rev, 2010, pp. 777-798.<\/em><\/p>\n<\/div>\n<div>\n<p><em><a title=\"\" href=\"file:\/\/\/C:\/Users\/Admin\/Desktop\/Intro%20Mihai(s).doc#_ftnref25\">[25]<\/a>\u00a0C. Murphy, \u201cOn the Rocky Road to Accession: Final Draft of EU\u2019s Accession Agreement to ECHR Approved\u201d, 12 April 2013, available at http:\/\/europeanlawblog.eu\/?p=1680.<\/em><\/p>\n<\/div>\n<div>\n<p><em><a title=\"\" href=\"file:\/\/\/C:\/Users\/Admin\/Desktop\/Intro%20Mihai(s).doc#_ftnref26\">[26]<\/a>\u00a0M. Claes, The National Courts\u2019 Mandate in the European Constitution, supra.\u201d<\/em><\/p>\n<\/div>\n<\/div>\n<p style=\"text-align: justify;\">\n","protected":false},"excerpt":{"rendered":"","protected":false},"author":1,"featured_media":0,"comment_status":"open","ping_status":"open","sticky":false,"template":"","format":"standard","meta":{"footnotes":""},"categories":[56,3],"tags":[],"class_list":["post-237","post","type-post","status-publish","format-standard","hentry","category-cultura-dreptului-european","category-proiecteprojects"],"_links":{"self":[{"href":"http:\/\/www.ardae.ro\/index.php?rest_route=\/wp\/v2\/posts\/237"}],"collection":[{"href":"http:\/\/www.ardae.ro\/index.php?rest_route=\/wp\/v2\/posts"}],"about":[{"href":"http:\/\/www.ardae.ro\/index.php?rest_route=\/wp\/v2\/types\/post"}],"author":[{"embeddable":true,"href":"http:\/\/www.ardae.ro\/index.php?rest_route=\/wp\/v2\/users\/1"}],"replies":[{"embeddable":true,"href":"http:\/\/www.ardae.ro\/index.php?rest_route=%2Fwp%2Fv2%2Fcomments&post=237"}],"version-history":[{"count":16,"href":"http:\/\/www.ardae.ro\/index.php?rest_route=\/wp\/v2\/posts\/237\/revisions"}],"predecessor-version":[{"id":1093,"href":"http:\/\/www.ardae.ro\/index.php?rest_route=\/wp\/v2\/posts\/237\/revisions\/1093"}],"wp:attachment":[{"href":"http:\/\/www.ardae.ro\/index.php?rest_route=%2Fwp%2Fv2%2Fmedia&parent=237"}],"wp:term":[{"taxonomy":"category","embeddable":true,"href":"http:\/\/www.ardae.ro\/index.php?rest_route=%2Fwp%2Fv2%2Fcategories&post=237"},{"taxonomy":"post_tag","embeddable":true,"href":"http:\/\/www.ardae.ro\/index.php?rest_route=%2Fwp%2Fv2%2Ftags&post=237"}],"curies":[{"name":"wp","href":"https:\/\/api.w.org\/{rel}","templated":true}]}}