{"id":2342,"date":"2015-10-30T04:05:16","date_gmt":"2015-10-30T04:05:16","guid":{"rendered":"http:\/\/www.ardae.ro\/?p=2342"},"modified":"2015-11-03T09:05:00","modified_gmt":"2015-11-03T09:05:00","slug":"dezbateri-juridice-ro-suspendarea-si-reluarea-judecatii-dupa-pronuntarea-cjue-in-privinta-trimiterii-preliminare-2-11-2015","status":"publish","type":"post","link":"http:\/\/www.ardae.ro\/?p=2342","title":{"rendered":"Dezbateri JURIDICE.ro: Suspendarea \u015fi reluarea judec\u0103\u0163ii dup\u0103 pronun\u0163area CJUE \u00een privin\u0163a trimiterii preliminare, 2.11.2015"},"content":{"rendered":"<p><!--more--><\/p>\n<p><strong><a href=\"http:\/\/dezbateri.juridice.ro\/5263\/suspendarea-si-reluarea-judecatii-dupa-pronuntarea-cjue-in-privinta-trimiterii-preliminare\" target=\"_blank\"><img loading=\"lazy\" decoding=\"async\" class=\"alignleft size-medium wp-image-2345\" alt=\"Mihai Sandru suspendarea trimiterii preliminare\" src=\"http:\/\/www.ardae.ro\/wp-content\/uploads\/Mihai-Sandru-suspendarea-trimiterii-preliminare-300x168.jpg\" width=\"300\" height=\"168\" srcset=\"http:\/\/www.ardae.ro\/wp-content\/uploads\/Mihai-Sandru-suspendarea-trimiterii-preliminare-300x168.jpg 300w, http:\/\/www.ardae.ro\/wp-content\/uploads\/Mihai-Sandru-suspendarea-trimiterii-preliminare-1024x576.jpg 1024w, http:\/\/www.ardae.ro\/wp-content\/uploads\/Mihai-Sandru-suspendarea-trimiterii-preliminare.jpg 1600w\" sizes=\"(max-width: 300px) 100vw, 300px\" \/><\/a>Suspendarea \u015fi reluarea judec\u0103\u0163ii dup\u0103 pronun\u0163area CJUE \u00een privin\u0163a trimiterii preliminare<\/strong><\/p>\n<p>Bucure\u0219ti, Universitatea Titu Maiorescu, Facultatea de Drept, Sala de Consiliu<\/p>\n<p>Luni, 2 noiembrie 2015, ora 20:00<\/p>\n<p>Acreditare INPPA:\u00a0<strong>2<\/strong>\u00a0puncte<\/p>\n<div><strong>Invita\u021bi<\/strong>\u00a0[<em>ordine alfabetic\u0103<\/em>]<\/div>\n<div>Conf. univ. dr.\u00a0<a title=\"Gabriel Liviu Ispas\" href=\"http:\/\/www.juridice.ro\/gabriel-liviu-ispas\">Gabriel Liviu Ispas<\/a>, Decan al Facult\u0103\u021bii de Drept, UNIVERSITATEA TITU MAIORESCU<\/div>\n<div><a title=\"Mihaela Mazilu-Babel\" href=\"http:\/\/www.juridice.ro\/mihaela-mazilu-babel\">Mihaela Mazilu-Babel<\/a><\/div>\n<div>Av.\u00a0<a title=\"Robert RO\u0218U\" href=\"http:\/\/www.juridice.ro\/robert-rosu\" target=\"_blank\">Robert Ro\u0219u<\/a>,\u00a0Partner \u021aUCA ZB\u00c2RCEA &amp; ASOCIA\u021aII<\/div>\n<div>Jud.\u00a0<a title=\"Lucia ZAHARIA\" href=\"http:\/\/www.juridice.ro\/lucia-zaharia\">Lucia Zaharia<\/a>,\u00a0CURTEA DE APEL BUCURE\u0218TI<\/div>\n<div>*\u00a0<em>speakeri \u00een curs de confirmare<\/em><\/div>\n<div><strong>Moderatori<\/strong><\/div>\n<div><a title=\"Bogdan DUMITRACHE\" href=\"http:\/\/www.juridice.ro\/bogdan-dumitrache\">Bogdan Dumitrache<\/a><\/div>\n<div>Prof. univ. dr.\u00a0<a title=\"Mihai \u0218andru\" href=\"http:\/\/www.juridice.ro\/mihai-sandru\">Mihai \u0218andru<\/a>, Pre\u0219edinte SOCIETATEA DE \u0218TIIN\u021aE JURIDICE<\/div>\n<div><strong>Tematica<\/strong>\u2013 A se vedea \u0219i\u00a0<a href=\"http:\/\/www.juridice.ro\/243096\/suspendarea-procedurii-de-catre-instanta-judecatoreasca-din-romania-in-situatia-efectuarii-unei-trimiteri-preliminare-catre-curtea-de-justitie-potrivit-reglementarii-ncpc.html\" target=\"_blank\">Suspendarea procedurii de c\u0103tre instan\u0163a judec\u0103toreasc\u0103 din Rom\u00e2nia \u00een situa\u0163ia efectu\u0103rii unei trimiteri preliminare c\u0103tre Curtea de Justi\u0163ie potrivit reglement\u0103rii NCPC<\/a>\u00a0|\u00a0Mihai \u0218ANDRU, Mihai BANU, Drago\u015f C\u0102LIN<br \/>\n\u2013 A se vedea \u0219i\u00a0<a href=\"http:\/\/www.juridice.ro\/335960\/efectele-trimiterii-preliminare-la-curtea-de-justitie-a-uniunii-europene-cu-privire-la-cursul-executarii-silite.html\" target=\"_blank\">Efectele trimiterii preliminare la Curtea de Justi\u0163ie a Uniunii Europene cu privire la cursul execut\u0103rii silite<\/a>\u00a0|\u00a0Mihai \u0218ANDRU, Mihai BANU, Drago\u015f C\u0102LIN<br \/>\n\u2013 A se vedea \u0219i\u00a0<a href=\"http:\/\/papers.ssrn.com\/sol3\/papers.cfm?abstract_id=2407712\" target=\"_blank\">Interpretarea \u0219i aplicarea dreptului UE \u0219i a Conven\u021biei pentru ap\u0103rarea drepturilor omului \u0219i a libert\u0103\u021bilor fundamentale \u00een cererile privind trimiterile preliminare \u00een fa\u021ba instan\u021belor din Rom\u00e2nia<\/a><br \/>\n\u2013 A se vedea \u0219i trimiterea preliminar\u0103\u00a0din Cauza\u00a0<a href=\"http:\/\/curia.europa.eu\/juris\/document\/document_print.jsf?doclang=RO&amp;text=suspendare&amp;pageIndex=5&amp;part=1&amp;mode=req&amp;docid=162693&amp;occ=first&amp;dir=&amp;cid=713187\" target=\"_blank\">C\u2011667\/13<\/a>\u00a0precum \u0219i\u00a0<a href=\"http:\/\/curia.europa.eu\/juris\/document\/document_print.jsf?doclang=RO&amp;text=suspendar*&amp;pageIndex=9&amp;part=1&amp;mode=req&amp;docid=169187&amp;occ=first&amp;dir=&amp;cid=855806\" target=\"_blank\">C\u201161\/14<\/a><br \/>\n\u2013 Ce efecte ar putea produce recursul admis \u00eempotriva \u00eencheierii de suspendare a cauzei, suspendare dispus\u0103 pentru formularea unei cereri de pronun\u021bare a unei hot\u0103r\u00e2ri preliminare? Sau, v\u0103z\u00e2nd ca a fost cererea \u00eenregistrat\u0103 pe rolul CJUE, instan\u021ba de recurs nu ar mai solu\u021bion, pe fond, recursul, ci ar respinge recursul ca fiind r\u0103mas f\u0103r\u0103 obiect?<br \/>\n\u2013 Cu ocazia relu\u0103rii judec\u0103\u021bii, ca efect al pronun\u021b\u0103rii hot\u0103r\u00e2rii preliminare, instan\u021ba este \u021binut\u0103 inclusiv de considerentele hot\u0103r\u00e2rii? \u00cen consecin\u021b\u0103, ar putea fi admis apelul (\u0219i recursul) pe motiv c\u0103 instan\u021ba nu a respectat hot\u0103r\u00e2rea preliminar\u0103 \u00een privin\u021ba unui considerent?<br \/>\n\u2013 Poate fi criticat\u0103 \u0219i, dac\u0103 da, pe cei c\u0103i, hot\u0103r\u00e2rea pronun\u021bat\u0103 de o instan\u021b\u0103 care, prealabil solu\u021bion\u0103rii cauzei, a respins solicitarea de a suspenda cauza \u0219i de a cere pronun\u021barea hot\u0103r\u00e2rii preliminare? Dar \u00een cazul \u00een care instan\u021ba a trimis o cerere de pronun\u021bare a hot\u0103r\u00e2rii preliminare doar pentru o parte dintre \u00eentreb\u0103rile propuse de parte?<br \/>\n\u2013 Art. 520 alin.4 NCPC poate fi aplicat, prin analogie, \u0219i \u00een privin\u021ba cazului de suspendare prev\u0103zut la art. 412 alin.1 pct. 7 NCPC.<\/p>\n<\/div>\n<p>Pentru \u00eentreb\u0103ri\/subteme v\u0103 rug\u0103m s\u0103 ne\u00a0<a href=\"http:\/\/dezbateri.juridice.ro\/contact\">scrie\u021bi<\/a>.<\/p>\n<p>Participarea efectiv\u0103, \u00een sal\u0103, este rezervat\u0103 membrilor\u00a0<a href=\"http:\/\/club.juridice.ro\/\" target=\"_blank\">Clubului<\/a>\u00a0\u0219i invita\u021bilor. Pentru detalii\u00a0<a href=\"http:\/\/dezbateri.juridice.ro\/intrebari-frecvente\">click aici<\/a>.<\/p>\n<p><a href=\"http:\/\/dezbateri.juridice.ro\/5263\/suspendarea-si-reluarea-judecatii-dupa-pronuntarea-cjue-in-privinta-trimiterii-preliminare\" target=\"_blank\">DETALII SI FORMULAR DE \u00ceNSCRIERE<\/a><\/p>\n","protected":false},"excerpt":{"rendered":"","protected":false},"author":1,"featured_media":0,"comment_status":"closed","ping_status":"open","sticky":false,"template":"","format":"standard","meta":{"footnotes":""},"categories":[48],"tags":[],"class_list":["post-2342","post","type-post","status-publish","format-standard","hentry","category-evenimente"],"_links":{"self":[{"href":"http:\/\/www.ardae.ro\/index.php?rest_route=\/wp\/v2\/posts\/2342"}],"collection":[{"href":"http:\/\/www.ardae.ro\/index.php?rest_route=\/wp\/v2\/posts"}],"about":[{"href":"http:\/\/www.ardae.ro\/index.php?rest_route=\/wp\/v2\/types\/post"}],"author":[{"embeddable":true,"href":"http:\/\/www.ardae.ro\/index.php?rest_route=\/wp\/v2\/users\/1"}],"replies":[{"embeddable":true,"href":"http:\/\/www.ardae.ro\/index.php?rest_route=%2Fwp%2Fv2%2Fcomments&post=2342"}],"version-history":[{"count":2,"href":"http:\/\/www.ardae.ro\/index.php?rest_route=\/wp\/v2\/posts\/2342\/revisions"}],"predecessor-version":[{"id":2346,"href":"http:\/\/www.ardae.ro\/index.php?rest_route=\/wp\/v2\/posts\/2342\/revisions\/2346"}],"wp:attachment":[{"href":"http:\/\/www.ardae.ro\/index.php?rest_route=%2Fwp%2Fv2%2Fmedia&parent=2342"}],"wp:term":[{"taxonomy":"category","embeddable":true,"href":"http:\/\/www.ardae.ro\/index.php?rest_route=%2Fwp%2Fv2%2Fcategories&post=2342"},{"taxonomy":"post_tag","embeddable":true,"href":"http:\/\/www.ardae.ro\/index.php?rest_route=%2Fwp%2Fv2%2Ftags&post=2342"}],"curies":[{"name":"wp","href":"https:\/\/api.w.org\/{rel}","templated":true}]}}