{"id":2332,"date":"2015-10-26T17:36:07","date_gmt":"2015-10-26T17:36:07","guid":{"rendered":"http:\/\/www.ardae.ro\/?p=2332"},"modified":"2015-10-26T17:36:07","modified_gmt":"2015-10-26T17:36:07","slug":"importanta-jurisprudentei-curtii-de-justitie-in-redactarea-trimiterilor-preliminare-exemple-din-romania%e2%80%8b-30-octombrie-2015","status":"publish","type":"post","link":"http:\/\/www.ardae.ro\/?p=2332","title":{"rendered":"Importan\u0163a jurispruden\u0163ei Cur\u0163ii de Justi\u0163ie \u00een redactarea trimiterilor preliminare. Exemple din Rom\u00e2nia\u200b, 30 octombrie 2015"},"content":{"rendered":"<p><!--more--><\/p>\n<p style=\"text-align: center;\"><strong>Dezbaterea: Importan\u0163a jurispruden\u0163ei Cur\u0163ii de Justi\u0163ie \u00een redactarea trimiterilor preliminare. Exemple din Rom\u00e2nia<\/strong><strong>\u200b<\/strong><strong>, 30 octombrie 2015<\/strong><\/p>\n<p style=\"text-align: center;\"><strong>\u00a0<\/strong><\/p>\n<p style=\"text-align: center;\"><strong>Asocia\u0163ia rom\u00e2n\u0103 de drept \u015fi afaceri europene (ARDAE)<\/strong><\/p>\n<p style=\"text-align: center;\"><strong>Universitatea Titu Maiorescu \u2013 Facultatea de Drept<\/strong><\/p>\n<p style=\"text-align: center;\"><strong>\u00a0<\/strong><\/p>\n<p style=\"text-align: center;\"><strong>\u00a0<\/strong><\/p>\n<p style=\"text-align: center;\"><strong>Organizeaz\u0103 dezbaterea<\/strong><\/p>\n<p style=\"text-align: center;\"><strong>\u00a0<\/strong><\/p>\n<p style=\"text-align: center;\"><strong><em>Importan\u0163a jurispruden\u0163ei Cur\u0163ii de Justi\u0163ie \u00een redactarea trimiterilor preliminare. Exemple din Rom\u00e2nia<\/em><\/strong><\/p>\n<p style=\"text-align: center;\"><strong><em>The relevance of EUropean Court of Justice case-law on drafting preliminary refences. Examples from Romania<\/em><\/strong><\/p>\n<p>Evenimentul se va desf\u0103\u015fura la Universitatea Titu Maiorescu, Facultatea de Drept, Calea V\u0103c\u0103re\u015fti nr. 187, et. 1, Corpul V, 106, Sala Profesorilor<\/p>\n<p>30 octombrie 2015, ora 18<\/p>\n<p><strong>PARTENER PRINCIPAL: Editura Universitar\u0103<\/strong><\/p>\n<p><strong>Moderator: prof. univ. dr. Mihai \u015eandru<\/strong><\/p>\n<p><strong>\u00a0<\/strong><\/p>\n<p><strong>\u00a0<\/strong><\/p>\n<p><strong>Jurispruden\u0163a Cur\u0163ii de Justi\u0163ie a Uniunii Europene se presupune a fi cunoscut\u0103 de judec\u0103torul na\u0163ional. Formularea trimiterii preliminare implic\u0103 o cunoa\u015ftere bun\u0103 a jurisprudne\u0163ei, av\u00e2nd \u00een vedere \u015fi sec\u0163iunea \u201eForma \u015fi con\u0163inutul cererii de decizie preliminar\u0103\u201d din Recomand\u0103rile Cur\u0163ii de Justi\u0163ie \u201e\u00een aten\u0163ia instan\u0163elor na\u0163ionale, referitoare la efectuarea trimiterilor preliminare\u201d. Dezbaterea are \u00een vedere exemple din practica rom\u00e2n\u0103 \u00een materie.<\/strong><\/p>\n<p><strong>\u00a0<\/strong><\/p>\n<p><strong>Consiliul \u015ftiin\u0163ific \u015fi organizatoric al conferin\u0163ei:<\/strong><br \/>\nProf. univ. dr. Mihai \u015eandru<br \/>\nDr. Andrei S\u0103vescu<\/p>\n<p>Conf. univ. dr. Gabriel Liviu Ispas<\/p>\n<p>Prof. univ. dr. Evelina Oprina<\/p>\n<p><strong>Parteneri<\/strong><br \/>\nCurierul Judiciar<\/p>\n<p>Societatea de \u015etiinte Juridice<br \/>\nRevista Forumul Judec\u0103torilor<\/p>\n<p>Revista rom\u00e2n\u0103 de drept european<br \/>\nEditura Wolters Kluwer<br \/>\nEditura Universitar\u0103<br \/>\nEditura C. H. Beck<br \/>\nOrganizatorii v\u0103 mul\u0163umesc pentru retransmiterea acestei invita\u0163ii c\u0103tre toate persoanele interesate. Nu se percepe tax\u0103 de participare. Locurile sunt limitate, \u00eenscrierea participan\u0163ilor realiz\u00e2ndu-se \u00een ordinea cronologic\u0103 a confirmarilor, prin e-mail (ardae2007@gmail.com). Dezbaterea dureaza doua ore.<\/p>\n<p><a href=\"https:\/\/www.facebook.com\/events\/1654362378109032\/\" target=\"_blank\">Eveniment facebook<\/a><\/p>\n","protected":false},"excerpt":{"rendered":"","protected":false},"author":1,"featured_media":0,"comment_status":"closed","ping_status":"open","sticky":false,"template":"","format":"standard","meta":{"footnotes":""},"categories":[48],"tags":[],"class_list":["post-2332","post","type-post","status-publish","format-standard","hentry","category-evenimente"],"_links":{"self":[{"href":"http:\/\/www.ardae.ro\/index.php?rest_route=\/wp\/v2\/posts\/2332"}],"collection":[{"href":"http:\/\/www.ardae.ro\/index.php?rest_route=\/wp\/v2\/posts"}],"about":[{"href":"http:\/\/www.ardae.ro\/index.php?rest_route=\/wp\/v2\/types\/post"}],"author":[{"embeddable":true,"href":"http:\/\/www.ardae.ro\/index.php?rest_route=\/wp\/v2\/users\/1"}],"replies":[{"embeddable":true,"href":"http:\/\/www.ardae.ro\/index.php?rest_route=%2Fwp%2Fv2%2Fcomments&post=2332"}],"version-history":[{"count":1,"href":"http:\/\/www.ardae.ro\/index.php?rest_route=\/wp\/v2\/posts\/2332\/revisions"}],"predecessor-version":[{"id":2333,"href":"http:\/\/www.ardae.ro\/index.php?rest_route=\/wp\/v2\/posts\/2332\/revisions\/2333"}],"wp:attachment":[{"href":"http:\/\/www.ardae.ro\/index.php?rest_route=%2Fwp%2Fv2%2Fmedia&parent=2332"}],"wp:term":[{"taxonomy":"category","embeddable":true,"href":"http:\/\/www.ardae.ro\/index.php?rest_route=%2Fwp%2Fv2%2Fcategories&post=2332"},{"taxonomy":"post_tag","embeddable":true,"href":"http:\/\/www.ardae.ro\/index.php?rest_route=%2Fwp%2Fv2%2Ftags&post=2332"}],"curies":[{"name":"wp","href":"https:\/\/api.w.org\/{rel}","templated":true}]}}