{"id":2274,"date":"2013-10-09T06:58:06","date_gmt":"2013-10-09T06:58:06","guid":{"rendered":"http:\/\/www.ardae.ro\/?p=2274"},"modified":"2015-10-15T03:58:50","modified_gmt":"2015-10-15T03:58:50","slug":"lucian-bojin","status":"publish","type":"post","link":"http:\/\/www.ardae.ro\/?p=2274","title":{"rendered":"Lucian Bojin"},"content":{"rendered":"<p><!--more--><\/p>\n<p><strong><a href=\"https:\/\/www.linkedin.com\/pub\/lucian-bojin\/71\/a00\/916\" target=\"_blank\"><img loading=\"lazy\" decoding=\"async\" class=\"alignleft  wp-image-2281\" alt=\"Lucian Bojin\" src=\"http:\/\/www.ardae.ro\/wp-content\/uploads\/Lucian-Bojin-300x300.jpg\" width=\"180\" height=\"180\" srcset=\"http:\/\/www.ardae.ro\/wp-content\/uploads\/Lucian-Bojin-300x300.jpg 300w, http:\/\/www.ardae.ro\/wp-content\/uploads\/Lucian-Bojin-150x150.jpg 150w, http:\/\/www.ardae.ro\/wp-content\/uploads\/Lucian-Bojin.jpg 399w\" sizes=\"(max-width: 180px) 100vw, 180px\" \/><\/a>Lucian Bojin<\/strong><\/p>\n<p style=\"text-align: justify;\">Lucian Bojin este lector universitar la Facultatea de Drept din cadrul Universit\u0103\u021bii de Vest Timi\u0219oara. Este doctor \u00een drept al aceleia\u0219i facult\u0103\u021bi din anul 2012. Este, de asemenea, avocat \u00een Baroul Arad. Este autorul monografiei \u201eAc\u021biunea \u00een anularea hot\u0103r\u00e2rii adun\u0103rii generale a ac\u021bionarilor\u201d, publicat\u0103 \u00een anul 2012 de Editura Universul Juridic, precum \u0219i co-autor al lucr\u0103rii colective intitulate \u201eComentarii la Constitu\u021bia Rom\u00e2niei\u201d, publicat\u0103 de Ed. Polirom \u00een anul 2010 (\u00eempreun\u0103 cu Gabriel Andreescu, Miklos Bakk \u0219i Valentin Constantin). A scris \u0219i publicat peste 30 de articole \u00een limbile rom\u00e2n\u0103, englez\u0103 \u0219i francez\u0103, \u00een domenii precum: drept societar, drept civil, drept interna\u021bional \u0219i drepturile omului.<\/p>\n<p>Lucian Bojin este membru aderent ARDAE &#8211; Asocitia romana de drept si afaceri europene din 8 octombrie 2015.<\/p>\n<p><a href=\"http:\/\/drept.uvt.ro\/profesori\/cv\/cv-41.pdf\" target=\"_blank\">CV<\/a><\/p>\n<p><a href=\"https:\/\/www.linkedin.com\/pub\/lucian-bojin\/71\/a00\/916\" target=\"_blank\">linkedin<\/a><\/p>\n<p>***<\/p>\n<p>***<\/p>\n<p><a href=\"http:\/\/www.ardae.ro\/?p=436\" target=\"_blank\"><strong>Lista membri aderenti ARDAE \u2013 Asociatia romana de drept si afaceri europene<\/strong><\/a><\/p>\n<p><strong>Revista ARDAE<\/strong>\u00a0\u2013\u00a0<a href=\"http:\/\/iaduer.ro\/\"><em>Afaceri juridice europene<\/em><\/a><a href=\"http:\/\/iaduer.ro\/?p=1285\" target=\"_blank\"><br \/>\n<\/a><\/p>\n<p><strong>PROIECTUL IADUER<\/strong>\u00a0\u2013 interpretarea si aplicarea dreptului Uniunii Europene in Romania \u2013\u00a0<a href=\"http:\/\/iaduer.ro\/?p=162\" target=\"_blank\">Lista trimiterilor preliminare din Romania, inregistrate la CJUE<\/a><\/p>\n<p><a href=\"https:\/\/eubusinesslaw.wordpress.com\/2015\/08\/03\/dialog-forum-drept-si-afaceri-europene-in-romania\/\" target=\"_blank\">Dialog &amp; forum Drept si afaceri europene in Romania<\/a><\/p>\n","protected":false},"excerpt":{"rendered":"","protected":false},"author":1,"featured_media":0,"comment_status":"closed","ping_status":"open","sticky":false,"template":"","format":"standard","meta":{"footnotes":""},"categories":[10],"tags":[],"class_list":["post-2274","post","type-post","status-publish","format-standard","hentry","category-membri-aderenti"],"_links":{"self":[{"href":"http:\/\/www.ardae.ro\/index.php?rest_route=\/wp\/v2\/posts\/2274"}],"collection":[{"href":"http:\/\/www.ardae.ro\/index.php?rest_route=\/wp\/v2\/posts"}],"about":[{"href":"http:\/\/www.ardae.ro\/index.php?rest_route=\/wp\/v2\/types\/post"}],"author":[{"embeddable":true,"href":"http:\/\/www.ardae.ro\/index.php?rest_route=\/wp\/v2\/users\/1"}],"replies":[{"embeddable":true,"href":"http:\/\/www.ardae.ro\/index.php?rest_route=%2Fwp%2Fv2%2Fcomments&post=2274"}],"version-history":[{"count":6,"href":"http:\/\/www.ardae.ro\/index.php?rest_route=\/wp\/v2\/posts\/2274\/revisions"}],"predecessor-version":[{"id":2316,"href":"http:\/\/www.ardae.ro\/index.php?rest_route=\/wp\/v2\/posts\/2274\/revisions\/2316"}],"wp:attachment":[{"href":"http:\/\/www.ardae.ro\/index.php?rest_route=%2Fwp%2Fv2%2Fmedia&parent=2274"}],"wp:term":[{"taxonomy":"category","embeddable":true,"href":"http:\/\/www.ardae.ro\/index.php?rest_route=%2Fwp%2Fv2%2Fcategories&post=2274"},{"taxonomy":"post_tag","embeddable":true,"href":"http:\/\/www.ardae.ro\/index.php?rest_route=%2Fwp%2Fv2%2Ftags&post=2274"}],"curies":[{"name":"wp","href":"https:\/\/api.w.org\/{rel}","templated":true}]}}