{"id":2238,"date":"2014-09-03T08:06:49","date_gmt":"2014-09-03T08:06:49","guid":{"rendered":"http:\/\/www.ardae.ro\/?p=2238"},"modified":"2015-10-15T03:59:16","modified_gmt":"2015-10-15T03:59:16","slug":"kokoly-zsolt","status":"publish","type":"post","link":"http:\/\/www.ardae.ro\/?p=2238","title":{"rendered":"Kokoly Zsolt"},"content":{"rendered":"<p><!--more--><\/p>\n<p><b><a href=\"http:\/\/www.ardae.ro\/wp-content\/uploads\/KokolyZsolt.jpg\"><img loading=\"lazy\" decoding=\"async\" class=\"alignleft size-full wp-image-2239\" alt=\"KokolyZsolt\" src=\"http:\/\/www.ardae.ro\/wp-content\/uploads\/KokolyZsolt.jpg\" width=\"160\" height=\"160\" srcset=\"http:\/\/www.ardae.ro\/wp-content\/uploads\/KokolyZsolt.jpg 160w, http:\/\/www.ardae.ro\/wp-content\/uploads\/KokolyZsolt-150x150.jpg 150w\" sizes=\"(max-width: 160px) 100vw, 160px\" \/><\/a>ZSOLT KOKOLY<\/b> \u00a0&#8211; Lector univ. dr. la\u00a0 Universitatea Sapientia din Cluj \u2013 Departamentul de Stiinte Juridice. Studii universitare \u015fi postgraduale la Universitatea Babe\u015f-Bolyai Cluj, studii doctorale absolvite la Universitatea din P\u00e9cs, Ungaria.<\/p>\n<p>Autor articole de specialitate, aria de expertiz\u0103: dreptul european al afacerilor, dreptul mass-media audiovizual\u0103.<\/p>\n<p><a href=\"https:\/\/sapientia.academia.edu\/ZsoltKokoly\" target=\"_blank\">academia.edu<\/a><\/p>\n<p>***<\/p>\n<p>Membru aderent ARDAE \u2013 Asociatia romana de drept si afaceri europene din 03.09.2015<\/p>\n<p><a href=\"http:\/\/www.ardae.ro\/?p=436\" target=\"_blank\"><strong>Lista membri aderenti ARDAE \u2013 Asociatia romana de drept si afaceri europene<\/strong><\/a><\/p>\n<p><strong>Revista ARDAE<\/strong>\u00a0\u2013\u00a0<a href=\"http:\/\/iaduer.ro\/\"><em>Afaceri juridice europene<\/em><\/a><a href=\"http:\/\/iaduer.ro\/?p=1285\" target=\"_blank\"><br \/>\n<\/a><\/p>\n<p><strong>PROIECTUL IADUER<\/strong>\u00a0\u2013 interpretarea si aplicarea dreptului Uniunii Europene in Romania \u2013\u00a0<a href=\"http:\/\/iaduer.ro\/?p=162\" target=\"_blank\">Lista trimiterilor preliminare din Romania, inregistrate la CJUE<\/a><\/p>\n<p><a href=\"https:\/\/eubusinesslaw.wordpress.com\/2015\/08\/03\/dialog-forum-drept-si-afaceri-europene-in-romania\/\" target=\"_blank\">Dialog &amp; forum Drept si afaceri europene in Romania<\/a><\/p>\n","protected":false},"excerpt":{"rendered":"","protected":false},"author":1,"featured_media":0,"comment_status":"closed","ping_status":"open","sticky":false,"template":"","format":"standard","meta":{"footnotes":""},"categories":[10],"tags":[],"class_list":["post-2238","post","type-post","status-publish","format-standard","hentry","category-membri-aderenti"],"_links":{"self":[{"href":"http:\/\/www.ardae.ro\/index.php?rest_route=\/wp\/v2\/posts\/2238"}],"collection":[{"href":"http:\/\/www.ardae.ro\/index.php?rest_route=\/wp\/v2\/posts"}],"about":[{"href":"http:\/\/www.ardae.ro\/index.php?rest_route=\/wp\/v2\/types\/post"}],"author":[{"embeddable":true,"href":"http:\/\/www.ardae.ro\/index.php?rest_route=\/wp\/v2\/users\/1"}],"replies":[{"embeddable":true,"href":"http:\/\/www.ardae.ro\/index.php?rest_route=%2Fwp%2Fv2%2Fcomments&post=2238"}],"version-history":[{"count":3,"href":"http:\/\/www.ardae.ro\/index.php?rest_route=\/wp\/v2\/posts\/2238\/revisions"}],"predecessor-version":[{"id":2317,"href":"http:\/\/www.ardae.ro\/index.php?rest_route=\/wp\/v2\/posts\/2238\/revisions\/2317"}],"wp:attachment":[{"href":"http:\/\/www.ardae.ro\/index.php?rest_route=%2Fwp%2Fv2%2Fmedia&parent=2238"}],"wp:term":[{"taxonomy":"category","embeddable":true,"href":"http:\/\/www.ardae.ro\/index.php?rest_route=%2Fwp%2Fv2%2Fcategories&post=2238"},{"taxonomy":"post_tag","embeddable":true,"href":"http:\/\/www.ardae.ro\/index.php?rest_route=%2Fwp%2Fv2%2Ftags&post=2238"}],"curies":[{"name":"wp","href":"https:\/\/api.w.org\/{rel}","templated":true}]}}