{"id":2188,"date":"2015-08-04T09:55:34","date_gmt":"2015-08-04T09:55:34","guid":{"rendered":"http:\/\/www.ardae.ro\/?p=2188"},"modified":"2015-10-21T19:44:20","modified_gmt":"2015-10-21T19:44:20","slug":"conferinta-internationala-dimitrie-cantemir-educator-al-romanilor-editia-a-iii-a-8-10-octombrie-2015","status":"publish","type":"post","link":"http:\/\/www.ardae.ro\/?p=2188","title":{"rendered":"Conferinta internationala Dimitrie Cantemir \u2013 Educator al rom\u00e2nilor. Edi\u0163ia a III-a, 22-24 octombrie 2015"},"content":{"rendered":"<p><!--more--><\/p>\n<p>INVITATIE<\/p>\n<p>Avem onoarea de a v\u0103 invita la conferin\u0163a interna\u0163ional\u0103 \u201dDimitrie Cantemir \u2013 Educator al rom\u00e2nilor. Edi\u0163ia a III-a\u201d, organizat\u0103 de c\u0103tre Universitatea Cre\u015ftin\u0103 &#8220;Dimitrie Cantemir&#8221; prin Institutul de Istorie \u015fi Studii Cantemiriene \u00een colaborare cu partenerii s\u0103i din \u0163ar\u0103 \u015fi str\u0103in\u0103tate, \u00een perioada 22-24 octombrie 2015.<\/p>\n<p>Lucr\u0103rile conferin\u0163ei interna\u0163ionale \u201dDimitrie Cantemir \u2013 Educator al poporului rom\u00e2n. Edi\u0163ia a III-a\u201d se vor desf\u0103\u015fura pe patru sec\u0163iuni dup\u0103 cum urmeaz\u0103:<\/p>\n<div>\n<p>Sec\u0163iunea I: Valorile etice \u015fi morale \u00een opera lui Dimitrie Cantemir<br \/>\nSec\u0163iunea a II-a: Abordarea valorilor religioase \u00een epoca lui Dimitrie Cantemir<br \/>\nSec\u0163iunea a III-a: Personalit\u0103\u0163i ale iluminismului european contemporane cu Dimitrie Cantemir<br \/>\nSec\u0163iunea a IV-a: Universalitate \u015fi diversitate cultural\u0103 \u00een secolul al XVIII-lea.<\/p>\n<p>Lucr\u0103rile acestei conferin\u0163e interna\u0163ionale au loc \u00een contextul festivit\u0103\u0163ilor anivers\u0103rii a 25 de ani de la fondarea Universit\u0103\u0163ii Cre\u015ftine &#8220;Dimitrie Cantemir&#8221;.<\/p>\n<p>Alte detalii privind desfasurarea conferintei sunt disponibile la\u00a0<strong><a href=\"http:\/\/www.deodc.ucdc.ro\/\" target=\"_blank\" rel=\"nofollow\">www.deodc.ucdc.ro<\/a><\/strong><\/p>\n<p>De asemenea, avem rugamintea de a disemina aceasta invitatie si altor colegi ai dvs., cadre didactice si cercetatori, in ale caror preocupari stiintifice se regasesc temele sectiunilor conferintei organizate de institutia noastra.<\/p>\n<p>Cu deosebita considera\u0163ie,<\/p>\n<p>Professor Georgeta ILIE, PhD<br \/>\nVice-Rector Scientific Research Department<\/p>\n<p>&#8220;Dimitrie Cantemir&#8221; Christian University<br \/>\n176 Splaiul Unirii, 4 District, Bucharest, Romania<br \/>\nPhone: (+40)21 330 79 00\/113<br \/>\nFax : (+40)21 330 87 74<br \/>\nE-mail:\u00a0<a href=\"mailto:cercetare.ucdc@yahoo.ro\" target=\"_blank\">cercetare.ucdc@yahoo.ro<\/a><\/p>\n<\/div>\n","protected":false},"excerpt":{"rendered":"","protected":false},"author":1,"featured_media":0,"comment_status":"closed","ping_status":"open","sticky":false,"template":"","format":"standard","meta":{"footnotes":""},"categories":[48],"tags":[],"class_list":["post-2188","post","type-post","status-publish","format-standard","hentry","category-evenimente"],"_links":{"self":[{"href":"http:\/\/www.ardae.ro\/index.php?rest_route=\/wp\/v2\/posts\/2188"}],"collection":[{"href":"http:\/\/www.ardae.ro\/index.php?rest_route=\/wp\/v2\/posts"}],"about":[{"href":"http:\/\/www.ardae.ro\/index.php?rest_route=\/wp\/v2\/types\/post"}],"author":[{"embeddable":true,"href":"http:\/\/www.ardae.ro\/index.php?rest_route=\/wp\/v2\/users\/1"}],"replies":[{"embeddable":true,"href":"http:\/\/www.ardae.ro\/index.php?rest_route=%2Fwp%2Fv2%2Fcomments&post=2188"}],"version-history":[{"count":4,"href":"http:\/\/www.ardae.ro\/index.php?rest_route=\/wp\/v2\/posts\/2188\/revisions"}],"predecessor-version":[{"id":2326,"href":"http:\/\/www.ardae.ro\/index.php?rest_route=\/wp\/v2\/posts\/2188\/revisions\/2326"}],"wp:attachment":[{"href":"http:\/\/www.ardae.ro\/index.php?rest_route=%2Fwp%2Fv2%2Fmedia&parent=2188"}],"wp:term":[{"taxonomy":"category","embeddable":true,"href":"http:\/\/www.ardae.ro\/index.php?rest_route=%2Fwp%2Fv2%2Fcategories&post=2188"},{"taxonomy":"post_tag","embeddable":true,"href":"http:\/\/www.ardae.ro\/index.php?rest_route=%2Fwp%2Fv2%2Ftags&post=2188"}],"curies":[{"name":"wp","href":"https:\/\/api.w.org\/{rel}","templated":true}]}}