{"id":2054,"date":"2015-05-21T03:14:49","date_gmt":"2015-05-21T03:14:49","guid":{"rendered":"http:\/\/www.ardae.ro\/?p=2054"},"modified":"2015-06-03T16:54:24","modified_gmt":"2015-06-03T16:54:24","slug":"conferinta-executarea-silita-noutati-provocari-exigente-prin-filtrul-jurisprudentei-cedo-17-06-2015","status":"publish","type":"post","link":"http:\/\/www.ardae.ro\/?p=2054","title":{"rendered":"CONFERIN\u0162A \u201cEXECUTAREA SILIT\u0102 &#8211; NOUT\u0102\u0162I, PROVOC\u0102RI, EXIGEN\u0162E \u2013 PRIN FILTRUL JURISPRUDEN\u0162EI CEDO\u201d, 17.06.2015"},"content":{"rendered":"<p><!--more--><\/p>\n<p><img decoding=\"async\" title=\"Cite\u0219te mai mult...\" alt=\"\" src=\"data:image\/gif;base64,R0lGODlhAQABAIAAAAAAAP\/\/\/yH5BAEAAAAALAAAAAABAAEAAAIBRAA7\" data-wp-more=\"more\" data-mce-resize=\"false\" data-mce-placeholder=\"1\" \/><\/p>\n<p style=\"text-align: center;\"><strong>Institutul de Cercet\u0103ri Juridice \u201eAcad. Andrei R\u0103dulescu\u201d \u2013 Centrul de Studii de Drept European (CSDE) al Academiei Rom\u00e2ne<\/strong><\/p>\n<p style=\"text-align: center;\"><strong>Asocia\u0163ia Magistra\u0163ilor Europeni pentru Drepturile Omului (AMEDO)<\/strong><\/p>\n<p style=\"text-align: center;\"><strong>Asocia\u0163ia Forumul Judec\u0103torilor din Rom\u00e2nia<\/strong><\/p>\n<p style=\"text-align: center;\"><strong>Asocia\u0163ia Rom\u00e2n\u0103 de Drept \u015fi Afaceri Europene (ARDAE)<\/strong><\/p>\n<p style=\"text-align: center;\"><strong>\u00a0Editura Universitara<\/strong><\/p>\n<p style=\"text-align: center;\"><strong>CONFERIN\u0162A \u201cEXECUTAREA SILIT\u0102 &#8211; NOUT\u0102\u0162I, PROVOC\u0102RI, EXIGEN\u0162E \u2013 PRIN FILTRUL JURISPRUDEN\u0162EI CEDO\u201d<\/strong><\/p>\n<p style=\"text-align: center;\"><strong>\u00a0\u00a0\u00a0\u00a0\u00a0\u00a0\u00a0\u00a0\u00a0<\/strong><\/p>\n<p style=\"text-align: center;\"><strong>Amfiteatrul \u201eAcad. Ion Heliade R\u0103dulescu\u201d al Bibliotecii Academiei Rom\u00e2ne<\/strong><\/p>\n<p style=\"text-align: center;\"><strong>Miercuri 17 iunie 2015, ora 14<\/strong><\/p>\n<p style=\"text-align: center;\"><strong>\u00a0<\/strong><\/p>\n<p><strong>\u00a0<\/strong><\/p>\n<p style=\"text-align: justify;\"><strong>\u00a0\u00a0\u00a0\u00a0\u00a0\u00a0\u00a0\u00a0\u00a0\u00a0\u00a0\u00a0\u00a0\u00a0\u00a0\u00a0<\/strong>Conferin\u0163a \u00ee\u015fi propune punerea \u00een dezbatere a unor teme privind executarea silit\u0103 \u00eentr-un context \u00een care problemele relevate de Curtea European\u0103 a Drepturilor Omului \u00een aceast\u0103 materie se \u00eent\u00e2lnesc cu interpretarea noilor reglement\u0103ri interne, realizat\u0103 de speciali\u015fti-teoreticieni \u015fi practicieni consacra\u0163i \u00een domeniul execut\u0103rii silite.<\/p>\n<p style=\"text-align: justify;\"><em><a href=\"http:\/\/www.editurauniversitara.ro\/\" target=\"_blank\"><img loading=\"lazy\" decoding=\"async\" class=\"alignleft size-medium wp-image-2094\" alt=\"Executarea silita si CEDO (Vasile Bozesan) Universitara\" src=\"http:\/\/www.ardae.ro\/wp-content\/uploads\/Executarea-silita-si-CEDO-Vasile-Bozesan-Universitara-206x300.jpg\" width=\"206\" height=\"300\" srcset=\"http:\/\/www.ardae.ro\/wp-content\/uploads\/Executarea-silita-si-CEDO-Vasile-Bozesan-Universitara-206x300.jpg 206w, http:\/\/www.ardae.ro\/wp-content\/uploads\/Executarea-silita-si-CEDO-Vasile-Bozesan-Universitara-706x1024.jpg 706w\" sizes=\"(max-width: 206px) 100vw, 206px\" \/><\/a>La confluen\u0163a\u00a0 celor 20 de ani de la data ader\u0103rii Rom\u00e2niei la Conven\u0163ia European\u0103 a Drepturilor Omului &#8211; marca\u0163i de numeroase condamn\u0103ri suferite de statul rom\u00e2n \u00een materia execut\u0103rii silite &#8211; cu \u00eenceputurile unei noi reglement\u0103ri procesual execu\u0163ionale, ce-\u015fi reclam\u0103 \u00eenc\u0103 multe clarific\u0103ri interpretative ce pot sus\u0163ine un praxis cu adev\u0103rat eficient, este necesar\u0103 o analiz\u0103 retrospectiv\u0103 a practicii execu\u0163ionale cuplat\u0103 la dezideratul asigur\u0103rii conformit\u0103\u0163ii noilor reglement\u0103ri cu exigen\u0163ele \u015fi standardele europene. Cunoa\u015fterea jurispruden\u0163ei CEDO create \u00een cauzele \u00eempotriva Rom\u00e2niei privitoare la procedura de executare confer\u0103 o perspectiv\u0103 obiectiv\u0103 a modului \u00een care autorit\u0103\u0163ile na\u0163ionale (puterea legislativ\u0103, executiv\u0103 \u015fi judec\u0103toreasc\u0103) au \u00een\u0163eles s\u0103 creeze \u015fi s\u0103 sus\u0163in\u0103 cadrul necesar pentru executarea hot\u0103r\u00e2rilor \u015fi a altor titluri executorii.<\/em><\/p>\n<p style=\"text-align: justify;\">Cu aceast\u0103 ocazie, va fi lansat volumul tematic<strong>\u00a0\u201cExecutarea silit\u0103. Hot\u0103r\u00e2ri ale Cur\u0163ii Europene a Drepturilor Omului pronun\u0163ate \u00een cauzele \u00eempotriva Rom\u00e2niei\u201d\u00a0<\/strong>(colectiv autori, coord. Vasile Boze\u015fan), Editura Universitar\u0103, Bucure\u015fti, 2015.<\/p>\n<p style=\"text-align: justify;\">Organizatorii v\u0103 mul\u0163umesc pentru retransmiterea acestei invita\u0163ii c\u0103tre toate persoanele interesate. Nu se percepe tax\u0103 de participare. Locurile sunt limitate, \u00eenscrierea participan\u0163ilor realiz\u00e2ndu-se \u00een ordinea cronologic\u0103 a confirmarilor, prin e-mail \u2013\u00a0<a href=\"mailto:ardae2007@gmail.com\">ardae2007@gmail.com<\/a>\u00a0.<\/p>\n<p>&nbsp;<\/p>\n<p><strong><em>\u00a0<\/em><\/strong><\/p>\n<p><strong>Moderator:<\/strong><\/p>\n<p>prof. univ. dr.\u00a0<strong>Mihai \u015eandru<\/strong>, Centrul de Studii de Drept European,<\/p>\n<p>Academia Rom\u00e2n\u0103<\/p>\n<p>&nbsp;<\/p>\n<p><strong>Invita\u0163i:<\/strong><\/p>\n<p>prof. univ. dr.\u00a0<strong>Evelina Oprina<\/strong>, judec\u0103tor, Tribunalul Ilfov, redactor-\u015fef al Revistei Rom\u00e2ne de Executare Silit\u0103<\/p>\n<p><a href=\"https:\/\/eubusinesslaw.wordpress.com\/2015\/05\/27\/bogdan-dumitrache-aspecte-privind-vanzarea-silita-a-imobilelor-prin-licitatie-publica-in-cadrul-conferintei-executarea-silita-noutati-provocari-exigente-prin-filtrul-jurispruden\/\" target=\"_blank\"><strong>Bogdan Dumitrache<\/strong>, executor judec\u0103toresc, formator INM<\/a><\/p>\n<p><strong>Ioan G\u00e2rbule\u0163<\/strong>, judec\u0103tor, inspector Inspec\u0163ia Judiciar\u0103<\/p>\n<p><a href=\"https:\/\/eubusinesslaw.wordpress.com\/2015\/05\/27\/eugen-huruba-executarea-hotararilor-privitoare-la-minori-in-cadrul-conferintei-executarea-silita-noutati-provocari-exigente-prin-filtrul-jurisprudentei-cedo-17-iunie-2015\/\" target=\"_blank\">conf. univ. dr.\u00a0<strong>Eugen Hurub\u0103<\/strong>, executor judec\u0103toresc, Pre\u015fedintele Camerei Executorilor Judec\u0103tore\u015fti T\u00e2rgu-Mure\u015f, director al Revistei Rom\u00e2ne de Executare Silit\u0103<\/a><\/p>\n<p><strong>Vasile Boze\u015fan<\/strong>, judec\u0103tor, Tribunalul Teleorman<\/p>\n<p><strong>Drago\u015f C\u0103lin<\/strong>, judec\u0103tor, Curtea de Apel Bucure\u015fti, formator INM<\/p>\n<p>&nbsp;<\/p>\n<p style=\"text-align: center;\"><strong>AGENDA\u00a0CONFERIN\u0162EI<\/strong><\/p>\n<p><strong>\u00a0<\/strong><\/p>\n<p><strong>\u00a0<\/strong><\/p>\n<p><strong>\u00a0<\/strong><strong>13.45-14.00\u00a0Primirea participan\u0163ilor<\/strong><\/p>\n<p><strong>\u00a0<\/strong><strong>14.00-14.15\u00a0Cuv\u00e2nt de deschidere<\/strong><\/p>\n<p>Lansarea volumului<strong>\u00a0\u201cExecutarea silit\u0103. Hot\u0103r\u00e2ri ale Cur\u0163ii Europene a Drepturilor Omului pronun\u0163ate \u00een cauzele \u00eempotriva Rom\u00e2niei\u201d<\/strong><\/p>\n<p>prof. univ. dr.\u00a0<strong>Mihai \u015eandru<\/strong>, Centrul de Studii de Drept European, Academia Rom\u00e2n\u0103<\/p>\n<p>judec\u0103tor\u00a0<strong>Drago\u015f C\u0103lin<\/strong>, Curtea de Apel Bucure\u015fti, formator INM<\/p>\n<p>judec\u0103tor<strong>\u00a0Vasile Boze\u015fan<\/strong>, Tribunalul Teleorman<\/p>\n<p><strong>\u00a0<\/strong><\/p>\n<p><strong><\/strong><strong>1415-1525<\/strong><strong>\u00a0Interven\u0163ii<\/strong><\/p>\n<p><strong>\u00a0<\/strong><\/p>\n<p><strong>Principalele modific\u0103ri aduse execut\u0103rii silite prin Legea nr.138\/201<\/strong><\/p>\n<p><strong>Ioan G\u00e2rbule\u0163<\/strong>, judec\u0103tor, inspector Inspec\u0163ia Judiciar\u0103<\/p>\n<p>&nbsp;<\/p>\n<p><a href=\"https:\/\/eubusinesslaw.wordpress.com\/2015\/05\/27\/eugen-huruba-executarea-hotararilor-privitoare-la-minori-in-cadrul-conferintei-executarea-silita-noutati-provocari-exigente-prin-filtrul-jurisprudentei-cedo-17-iunie-2015\/\" target=\"_blank\"><strong>Executarea hot\u0103r\u00e2rilor privitoare la minori<\/strong><\/a><\/p>\n<p><a href=\"https:\/\/eubusinesslaw.wordpress.com\/2015\/05\/27\/eugen-huruba-executarea-hotararilor-privitoare-la-minori-in-cadrul-conferintei-executarea-silita-noutati-provocari-exigente-prin-filtrul-jurisprudentei-cedo-17-iunie-2015\/\" target=\"_blank\">conf. univ. dr.\u00a0<strong>Eugen Hurub\u0103<\/strong>, executor judec\u0103toresc, Pre\u015fedintele Camerei Executorilor Judec\u0103tore\u015fti T\u00e2rgu-Mure\u015f, director al Revistei Rom\u00e2ne de Executare Silit\u0103<\/a><\/p>\n<p>&nbsp;<\/p>\n<p><strong>1525-1550\u00a0Pauz\u0103 de cafea<\/strong><\/p>\n<p>&nbsp;<\/p>\n<p><strong>1550-1720<\/strong><strong>\u00a0Interven\u0163ii<\/strong><\/p>\n<p><strong>Perspective de abordare a execut\u0103rii silite potrivit Conven\u0163iei Europene<\/strong>\u00a0<strong>a Drepturilor Omului<\/strong><\/p>\n<p>judec\u0103tor<strong>\u00a0Vasile Boze\u015fan<\/strong>, Tribunalul Teleorman<\/p>\n<p>&nbsp;<\/p>\n<p><strong>Mijloace indirecte de realizare a execut\u0103rii silite<\/strong><\/p>\n<p>prof. univ. dr.\u00a0<strong>Evelina Oprina<\/strong>, judec\u0103tor, Tribunalul Ilfov, redactor-\u015fef al Revistei Rom\u00e2ne de Executare Silit\u0103<\/p>\n<p><strong>\u00a0<\/strong><\/p>\n<p><a href=\"https:\/\/eubusinesslaw.wordpress.com\/2015\/05\/27\/bogdan-dumitrache-aspecte-privind-vanzarea-silita-a-imobilelor-prin-licitatie-publica-in-cadrul-conferintei-executarea-silita-noutati-provocari-exigente-prin-filtrul-jurispruden\/\" target=\"_blank\"><strong>Aspecte privind v\u00e2nzarea silit\u0103 a imobilelor la licita\u0163ie public\u0103<\/strong><\/a><\/p>\n<p><a href=\"https:\/\/eubusinesslaw.wordpress.com\/2015\/05\/27\/bogdan-dumitrache-aspecte-privind-vanzarea-silita-a-imobilelor-prin-licitatie-publica-in-cadrul-conferintei-executarea-silita-noutati-provocari-exigente-prin-filtrul-jurispruden\/\" target=\"_blank\">executor judec\u0103toresc\u00a0<strong>Bogdan Dumitrache<\/strong>, formator INM<\/a><\/p>\n<p><strong>\u00a0<\/strong><\/p>\n<p><strong>1720-1800\u00a0Dezbateri, \u00eentreb\u0103ri, r\u0103spunsuri<\/strong><\/p>\n<p><strong>\u00a0<\/strong><\/p>\n<p><strong>1800\u00a0\u00cenchiderea conferin\u0163ei. \u00cenm\u00e2narea diplomelor de participare<\/strong><\/p>\n<p><a href=\"http:\/\/www.ardae.ro\/?p=2076\" target=\"_blank\">English version<\/a><\/p>\n","protected":false},"excerpt":{"rendered":"","protected":false},"author":1,"featured_media":0,"comment_status":"closed","ping_status":"open","sticky":false,"template":"","format":"standard","meta":{"footnotes":""},"categories":[48],"tags":[],"class_list":["post-2054","post","type-post","status-publish","format-standard","hentry","category-evenimente"],"_links":{"self":[{"href":"http:\/\/www.ardae.ro\/index.php?rest_route=\/wp\/v2\/posts\/2054"}],"collection":[{"href":"http:\/\/www.ardae.ro\/index.php?rest_route=\/wp\/v2\/posts"}],"about":[{"href":"http:\/\/www.ardae.ro\/index.php?rest_route=\/wp\/v2\/types\/post"}],"author":[{"embeddable":true,"href":"http:\/\/www.ardae.ro\/index.php?rest_route=\/wp\/v2\/users\/1"}],"replies":[{"embeddable":true,"href":"http:\/\/www.ardae.ro\/index.php?rest_route=%2Fwp%2Fv2%2Fcomments&post=2054"}],"version-history":[{"count":14,"href":"http:\/\/www.ardae.ro\/index.php?rest_route=\/wp\/v2\/posts\/2054\/revisions"}],"predecessor-version":[{"id":2101,"href":"http:\/\/www.ardae.ro\/index.php?rest_route=\/wp\/v2\/posts\/2054\/revisions\/2101"}],"wp:attachment":[{"href":"http:\/\/www.ardae.ro\/index.php?rest_route=%2Fwp%2Fv2%2Fmedia&parent=2054"}],"wp:term":[{"taxonomy":"category","embeddable":true,"href":"http:\/\/www.ardae.ro\/index.php?rest_route=%2Fwp%2Fv2%2Fcategories&post=2054"},{"taxonomy":"post_tag","embeddable":true,"href":"http:\/\/www.ardae.ro\/index.php?rest_route=%2Fwp%2Fv2%2Ftags&post=2054"}],"curies":[{"name":"wp","href":"https:\/\/api.w.org\/{rel}","templated":true}]}}