{"id":2036,"date":"2015-05-15T14:15:05","date_gmt":"2015-05-15T14:15:05","guid":{"rendered":"http:\/\/www.ardae.ro\/?p=2036"},"modified":"2015-05-15T14:15:14","modified_gmt":"2015-05-15T14:15:14","slug":"bookfest-2015-lansare-de-carte-hotararile-cedo-in-cauzele-impotriva-romaniei-2014-analiza-consecinte-autoritati-potential-responsabile-23-mai-2015","status":"publish","type":"post","link":"http:\/\/www.ardae.ro\/?p=2036","title":{"rendered":"BOOKFEST 2015. Lansare de carte: Hot\u0103r\u00e2rile CEDO \u00een cauzele \u00eempotriva Rom\u00e2niei 2014. Analiz\u0103, consecin\u021be, autorit\u0103\u021bi poten\u021bial responsabile \u2013 23 mai 2015"},"content":{"rendered":"<p><!--more--><\/p>\n<p>BOOKFEST 2015. Lansare de carte: Hot\u0103r\u00e2rile CEDO \u00een cauzele \u00eempotriva Rom\u00e2niei 2014. Analiz\u0103, consecin\u021be, autorit\u0103\u021bi poten\u021bial responsabile<\/p>\n<p>Editura Universitar\u0103 v\u0103 invit\u0103 la conferin\u0163a cu tema\u201dAutorit\u0103\u0163ile poten\u0163ial responsabile pentru condamn\u0103rile suferite de Rom\u00e2nia la Curtea European\u0103 a Drepturilor Omului. 20 de ani (1994-2014) \u00een 10 volume\u2026\u201d.<br \/>\nEvenimentul va fi moderat de prof.univ.dr. Mihai \u0218andru, Centrul de Studii de Drept European, Academia Rom\u00e2n\u0103 \u0219i dr. Vasile Muscalu, director Editura Universitar\u0103, av\u00e2ndu-i ca invita\u021bi pe Drago\u015f C\u0103lin, judec\u0103tor-Curtea de Apel Bucure\u015fti, Ionu\u0163 Militaru, judec\u0103tor-Tribunalul Bucure\u015fti, Vasile Boze\u015fan, judec\u0103tor-Judec\u0103toria Alexandria, Victor Constantinescu, judec\u0103tor- Judec\u0103toria sectorului 6, Bucure\u015fti, Alexandra L\u0103ncr\u0103njan, procuror- Parchetul de pe l\u00e2ng\u0103 Tribunalul Bucure\u0219ti.<br \/>\nIn cadrul conferin\u021bei, va fi lansat volumul tematic \u201dHot\u0103r\u00e2rile CEDO \u00een cauzele \u00eempotriva Rom\u00e2niei 2014 \u2013 Analiz\u0103, consecin\u021be, autorit\u0103\u021bi poten\u021bial responsabile\u201d, coordonator Drago\u0219 C\u0103lin, lucrare care \u00eencheie seria celor zece volume coordonate de o echip\u0103 de judec\u0103tori rom\u00e2ni \u0219i dedicate analizei tuturor hot\u0103r\u00e2rilor CEDO pronun\u021bate \u00eempotriva Rom\u00e2niei \u00een perioada 1994-2014.<br \/>\nEvenimentul va avea loc s\u00e2mb\u0103t\u0103, 23 mai, \u00eencep\u00e2nd cu orele 14:00,\u00a0 la standul de evenimente din Pavilionul C4, Centrul Expozitional Romexpo, in cadrul Salonului International de Carte BOOKFEST 2015.<\/p>\n<p><a href=\"http:\/\/www.editurauniversitara.ro\/evenimente\/2015\/05\/bookfest_2015_lansare_de_carte_hotararile_cedo_in_cauzele_impotriva_romaniei_2014_analiza_consecinte_autoritati_potential_responsabile\/202\" target=\"_blank\">SURSA Editura Universitara<\/a><\/p>\n","protected":false},"excerpt":{"rendered":"","protected":false},"author":1,"featured_media":0,"comment_status":"closed","ping_status":"open","sticky":false,"template":"","format":"standard","meta":{"footnotes":""},"categories":[48],"tags":[],"class_list":["post-2036","post","type-post","status-publish","format-standard","hentry","category-evenimente"],"_links":{"self":[{"href":"http:\/\/www.ardae.ro\/index.php?rest_route=\/wp\/v2\/posts\/2036"}],"collection":[{"href":"http:\/\/www.ardae.ro\/index.php?rest_route=\/wp\/v2\/posts"}],"about":[{"href":"http:\/\/www.ardae.ro\/index.php?rest_route=\/wp\/v2\/types\/post"}],"author":[{"embeddable":true,"href":"http:\/\/www.ardae.ro\/index.php?rest_route=\/wp\/v2\/users\/1"}],"replies":[{"embeddable":true,"href":"http:\/\/www.ardae.ro\/index.php?rest_route=%2Fwp%2Fv2%2Fcomments&post=2036"}],"version-history":[{"count":3,"href":"http:\/\/www.ardae.ro\/index.php?rest_route=\/wp\/v2\/posts\/2036\/revisions"}],"predecessor-version":[{"id":2039,"href":"http:\/\/www.ardae.ro\/index.php?rest_route=\/wp\/v2\/posts\/2036\/revisions\/2039"}],"wp:attachment":[{"href":"http:\/\/www.ardae.ro\/index.php?rest_route=%2Fwp%2Fv2%2Fmedia&parent=2036"}],"wp:term":[{"taxonomy":"category","embeddable":true,"href":"http:\/\/www.ardae.ro\/index.php?rest_route=%2Fwp%2Fv2%2Fcategories&post=2036"},{"taxonomy":"post_tag","embeddable":true,"href":"http:\/\/www.ardae.ro\/index.php?rest_route=%2Fwp%2Fv2%2Ftags&post=2036"}],"curies":[{"name":"wp","href":"https:\/\/api.w.org\/{rel}","templated":true}]}}