{"id":2033,"date":"2015-05-15T14:08:32","date_gmt":"2015-05-15T14:08:32","guid":{"rendered":"http:\/\/www.ardae.ro\/?p=2033"},"modified":"2015-05-15T14:08:32","modified_gmt":"2015-05-15T14:08:32","slug":"lansare-de-carte-politia-si-drepturile-omului-hotarari-ale-curtii-europene-a-drepturilor-omului-pronuntate-impotriva-romaniei-28-mai-2015","status":"publish","type":"post","link":"http:\/\/www.ardae.ro\/?p=2033","title":{"rendered":"Lansare de carte: POLITIA SI DREPTURILE OMULUI. Hotarari ale Curtii Europene a Drepturilor Omului pronuntate impotriva Romaniei, 28 mai 2015"},"content":{"rendered":"<p><!--more--><\/p>\n<p>Lansare de carte: POLITIA SI DREPTURILE OMULUI. Hotarari ale Curtii Europene a Drepturilor Omului pronuntate impotriva Romaniei<br \/>\nEditura Universitar\u0103 are pl\u0103cerea de a anun\u021ba lansarea volumului tematic \u00a0\u201dPOLITIA SI DREPTURILE OMULUI. Hotarari ale Curtii Europene a Drepturilor Omului pronuntate impotriva Romaniei\u201d, coordonat de Cornel Gabriel Caian.<br \/>\nEvenimentul va avea loc joi, 28 mai 2015, in cadrul Conferin\u0163ei interna\u0163ionale PROVOC\u0102RI \u015eI STRATEGII \u00ceN ORDINEA \u015eI SIGURAN\u0162A PUBLIC\u0102, editia a II-a, care se va desf\u0103\u0219ura la Academia de de Politie \u201dAlexandru Ioan Cuza\u201d din Bucure\u0219ti.<br \/>\nIntr-un stat calauzit de valorile societatii moderne de tip occidental politia trebuie sa fie o institutie respectata si credibila. Or, acest lucru se poate obtine printr-o conduita previzibila, respectuoasa fata de individ si drepturile sale, prin eliminarea abuzului sau aparentei de abuz din activitatea politistilor. Acest volum i\u0219i propune sa stranga laolalta cazuistica relevanta a Curtii Europene a Drepturilor Omului in privinta Romaniei astfel incat, pornind de la o problematica ce reprezinta o oglinda a sistemului afacerilor interne romanesc,\u00a0 cititorului \u2013 student, practician sau teoretician \u2013 sa-i fie pus la dispozitie un bun instrument de lucru. \u2013 Cornel Gabriel Caian<\/p>\n<p><a href=\"http:\/\/www.editurauniversitara.ro\/evenimente\/2015\/05\/lansare_de_carte_politia_si_drepturile_omului_hotarari_ale_curtii_europene_a_drepturilor_omului_pronuntate_impotriva_romaniei\/204\" target=\"_blank\">SURSA \u2013 Editura Universitara<\/a><\/p>\n","protected":false},"excerpt":{"rendered":"","protected":false},"author":1,"featured_media":0,"comment_status":"closed","ping_status":"open","sticky":false,"template":"","format":"standard","meta":{"footnotes":""},"categories":[48],"tags":[],"class_list":["post-2033","post","type-post","status-publish","format-standard","hentry","category-evenimente"],"_links":{"self":[{"href":"http:\/\/www.ardae.ro\/index.php?rest_route=\/wp\/v2\/posts\/2033"}],"collection":[{"href":"http:\/\/www.ardae.ro\/index.php?rest_route=\/wp\/v2\/posts"}],"about":[{"href":"http:\/\/www.ardae.ro\/index.php?rest_route=\/wp\/v2\/types\/post"}],"author":[{"embeddable":true,"href":"http:\/\/www.ardae.ro\/index.php?rest_route=\/wp\/v2\/users\/1"}],"replies":[{"embeddable":true,"href":"http:\/\/www.ardae.ro\/index.php?rest_route=%2Fwp%2Fv2%2Fcomments&post=2033"}],"version-history":[{"count":1,"href":"http:\/\/www.ardae.ro\/index.php?rest_route=\/wp\/v2\/posts\/2033\/revisions"}],"predecessor-version":[{"id":2034,"href":"http:\/\/www.ardae.ro\/index.php?rest_route=\/wp\/v2\/posts\/2033\/revisions\/2034"}],"wp:attachment":[{"href":"http:\/\/www.ardae.ro\/index.php?rest_route=%2Fwp%2Fv2%2Fmedia&parent=2033"}],"wp:term":[{"taxonomy":"category","embeddable":true,"href":"http:\/\/www.ardae.ro\/index.php?rest_route=%2Fwp%2Fv2%2Fcategories&post=2033"},{"taxonomy":"post_tag","embeddable":true,"href":"http:\/\/www.ardae.ro\/index.php?rest_route=%2Fwp%2Fv2%2Ftags&post=2033"}],"curies":[{"name":"wp","href":"https:\/\/api.w.org\/{rel}","templated":true}]}}