{"id":2002,"date":"2015-04-30T10:35:34","date_gmt":"2015-04-30T10:35:34","guid":{"rendered":"http:\/\/www.ardae.ro\/?p=2002"},"modified":"2015-04-30T10:44:26","modified_gmt":"2015-04-30T10:44:26","slug":"2002","status":"publish","type":"post","link":"http:\/\/www.ardae.ro\/?p=2002","title":{"rendered":"Lansare Bookfest: Editura Universit\u0103\u0163ii Alexandru Ioan Cuza din Iasi, Drept Roman. Lectiuni (2 vol.) de Valerius M. Ciuca, 23 mai 2015"},"content":{"rendered":"<p><!--more--><\/p>\n<p><strong>Lansare Bookfest: Editura Universit\u0103\u0163ii Alexandru Ioan Cuza din Iasi, Drept Roman. Lectiuni (2 vol.) de Valerius M. Ciuca, 23 mai 2015<\/strong><\/p>\n<p><a href=\"http:\/\/www.editura.uaic.ro\/\" target=\"_blank\">Editura Universit\u0103\u0163ii \u201eAlexandru Ioan Cuza\u201d<\/a>\u00a0din Iasi v\u0103 invit\u0103 s\u0103 participati la lansarea volumelor\u00a0<em>Drept Roman. Lectiuni<\/em>\u00a0ale distinsului profesor iesean\u00a0<a href=\"http:\/\/www.ardae.ro\/?p=474\" target=\"_blank\"><strong>Valerius M. Ciuc\u0103<\/strong><\/a>\u00a0\u00een cadrul\u00a0<a href=\"http:\/\/www.bookfest.ro\/\" target=\"_blank\">Bookfest 2015<\/a>. Evenimentul la care sunteti invitati va avea loc la Romexpo, sambata, 23 mai 2015, intre orele 15.00-16.00, in spatiul de evenimente\u00a0<strong>Cafeneaua literara\u00a0din pavilionul C4<\/strong>.<\/p>\n<p>Lansarea de carte este insotita de dezbaterea cu tema\u00a0<em>De la Roma augustian\u0103 la augusta Rom\u0103 a Tratatului C.E.E.\u00a0<\/em>organizat\u0103 de\u00a0<a href=\"http:\/\/www.editura.uaic.ro\/\" target=\"_blank\">Editura Universit\u0103\u0163ii \u201eAlexandru Ioan Cuza\u201d din Ia\u015fi<\/a>,\u00a0<a href=\"http:\/\/www.scoaladreptuluiorganic.ro\/\" target=\"_blank\">Centrul\u00a0<em>Robertianum<\/em>\u00a0de Drept Privat European<\/a>\u00a0\u015fi\u00a0<a href=\"http:\/\/www.ardae.ro\/\" target=\"_blank\">ARDAE \u2013 Asociatia romana de drept si afaceri europene<\/a>.<\/p>\n<p>La acest eveniment organizat de\u00a0<a href=\"http:\/\/www.editura.uaic.ro\/\" target=\"_blank\">Editura Universit\u0103\u0163ii \u201eAlexandru Ioan Cuza\u201d<\/a>\u00a0din Iasi sunt invitati, in calitate de vorbitori\u00a0<a href=\"http:\/\/www.ardae.ro\/?p=1997\" target=\"_blank\">dr. Liviu Damsa<\/a>,\u00a0<a href=\"http:\/\/www.ardae.ro\/?p=474\" target=\"_blank\">prof. univ. dr. Valerius M. Ciuc\u0103<\/a>\u00a0\u015fi\u00a0<a href=\"http:\/\/mihaisandru.ro\/\" target=\"_blank\">prof. univ. dr. Daniel-Mihail Sandru<\/a>.<\/p>\n<p>***<\/p>\n<p><strong><img loading=\"lazy\" decoding=\"async\" alt=\"Ciuca Drept roman 1\" src=\"https:\/\/eubusinesslaw.files.wordpress.com\/2015\/04\/ciuca-drept-roman-1.jpg?w=105&amp;h=150\" width=\"105\" height=\"150\" \/><a href=\"http:\/\/www.editura.uaic.ro\/fisa-carte.php?id_d=d02&amp;id_c=1287\" target=\"_blank\">Valerius M. Ciuca, Drept roman, vol. I,\u00a0Editura Universit\u0103\u0163ii \u201eAlexandru Ioan Cuza\u201d din Ia\u015fi, 2015, ISBN 9786067140316<\/a><\/strong><\/p>\n<p><b>Descriere<\/b>. Edi\u0163ia a II-a, rev\u0103zut\u0103 \u015fi ad\u0103ugit\u0103. Cartea actualizeaz\u0103 cercetarile romanist-comparatiste din perspectiva apari\u0163iei unor esen\u0163iale transform\u0103ri \u00een ordinea juridic\u0103 a sistemelor sau subsistemelor ce formeaz\u0103 termenii de compara\u0163ie \u00een studiile prezentate, utiliz\u00e2nd metoda comparativ-istoric\u0103 \u015fi dep\u0103\u015find exigen\u0163ele minimaliste impuse de reduc\u0163ionista \u015fcoal\u0103 istoric\u0103 a dreptului.<\/p>\n<div><\/div>\n<p><b>Din cuprins<\/b>: Introducere \u00een dreptul roman, Surse ale dreptului roman, Codificarea justinian\u0103, Organizarea judiciar\u0103, Procedura civil\u0103 de judecat\u0103, Clasificarea ac\u0163iunilor, interdictelor, stipula\u0163iunilor pretoriene, trimiterilor \u00een posesiune,<i>De persona, Status civitatis, Status familiae, Bonorum divisio, Proprietas<\/i>, Forme atipice ale proprietatii private, Modurile de dob\u00e2ndire a propriet\u0103\u0163ii,\u00a0<i>Defensio proprietatis, Jura in re aliena, De possessio<\/i><\/p>\n<p><strong><a href=\"http:\/\/www.editura.uaic.ro\/fisa-carte.php?id_d=d02&amp;id_c=1296\" target=\"_blank\"><img loading=\"lazy\" decoding=\"async\" alt=\"CIUCA DREPT ROMAN 2\" src=\"https:\/\/eubusinesslaw.files.wordpress.com\/2015\/04\/ciuca-drept-roman-2.jpg?w=105&amp;h=150\" width=\"105\" height=\"150\" \/><\/a><a href=\"http:\/\/www.editura.uaic.ro\/fisa-carte.php?id_d=d02&amp;id_c=1296\" target=\"_blank\">Valerius M. Ciuca, Drept roman, vol. iI,\u00a0Editura Universit\u0103\u0163ii \u201eAlexandru Ioan Cuza\u201d din Ia\u015fi, 2015, ISBN 9786067140323<\/a><\/strong><\/p>\n<p><b>Descriere<\/b>. \u201eObliga\u0163iile \u015fi drepturile aferente (jura obligationum), \u201ecea mai m\u00e2ndr\u0103 crea\u0163iune a jurisconsul\u0163ilor romani, este partea cea mai pu\u0163in variabil\u0103 a dreptului civil de la o genera\u0163iune la alta \u015fi de la popor la popor\u201d. Aceasta este teza lui George Plastara, una ce cristalizeaz\u0103 propria-mi concep\u0163ie. O argumentez, de fiecare dat\u0103, dup\u0103 bunul exemplu al lui William Burdick, prin inser\u0163iile de drept civil comparat, pentru a dovedi c\u0103 dreptul roman nu este o disciplin\u0103 \u201eistoric\u0103\u201d, o pies\u0103 de muzeu; dimpotriv\u0103, este vie, complex\u0103, enciclopedic\u0103 \u015fi fundamental\u0103, este substan\u0163a \u00eens\u0103\u015fi a \u015ftiin\u0163ei \u015fi a artei dreptului.\u201d(Valerius M. Ciuc\u0103)<\/p>\n<div>\u00a0<b>Din cuprins<\/b>: Lec\u021bia a XVI a. Jura obligationum; Lec\u021bia a XVII a. R\u0103spunderea delictual\u0103 la romani; Lec\u021bia a XVIII a. R\u0103spunderea contractual\u0103 la romani; Lec\u021bia a XIX a. Conventionis divisio; Lectia a XX a. Stingerea obliga\u021biilor; Lec\u021bia a XXI a. Garan\u021biile obliga\u021biilor; Lec\u021bia a XXII a. Transmisiunea mortis causa a patrimoniului<\/div>\n<div><\/div>\n<div><b>DESPRE AUTOR Valerius M. Ciuc\u0103<\/b>\u00a0(n. 1960) este profesor dr. de drept roman, drept privat comparat \u015fi de filosofie a dreptului european, conduc\u0103tor de doctorat la Facultatea de Drept a Universit\u0103\u0163ii \u201eAlexandru Ioan Cuza\u201d din Ia\u015fi, profesor asociat la ULCO, Lab. RII, Fran\u0163a, profesor invitat la University of Ottawa, Canada, ex-judec\u0103tor al Tribunalului Uniunii Europene, membru fondator al Funda\u0163iei Academice \u201ePetre Andrei\u201d din Ia\u015fi, al Centrului \u201eRobertianum\u201d de Drept Privat al Universit\u0103\u0163ii \u201eAlexandru Ioan Cuza\u201d din Ia\u015fi, al Cercului de hermeneutic\u0103 juridic\u0103 \u201e\u015ecoala dreptului organic\u201d, al Centrului de Cercet\u0103ri Juridice \u201e\u015ecoala exegetic\u0103 dup\u0103 metoda postglosatorilor\u201d. C\u0103r\u0163i publicate: &#8220;Procedura partajului succesoral&#8221;, Ed. Polirom, 1997, &#8220;Lec\u0163ii de sociologia dreptului&#8221;, Ed. Polirom, 1998; &#8220;Lec\u0163ii de hermeneutic\u0103 juridic\u0103&#8221;, 2003; Lec\u0163ii de drept privat comparat (vol. I), Lec\u0163ii de drept privat comparat (vol. II-III, coord.), 2005; &#8220;Deontologie judiciar\u0103. Syllabus&#8221; (cu Gh. Scripcaru et al.), 2010; &#8220;Itinerarii prin pretoriile europene. Selec\u0163ie subiectiv\u0103 de cazuistic\u0103 european\u0103&#8221;, 2011; &#8220;Euronomosofia. Periplu filozofic prin dreptul european organic. Lec\u0163iuni&#8221;, Vol. I., 2012 etc.<\/div>\n","protected":false},"excerpt":{"rendered":"","protected":false},"author":1,"featured_media":0,"comment_status":"closed","ping_status":"open","sticky":false,"template":"","format":"standard","meta":{"footnotes":""},"categories":[48],"tags":[],"class_list":["post-2002","post","type-post","status-publish","format-standard","hentry","category-evenimente"],"_links":{"self":[{"href":"http:\/\/www.ardae.ro\/index.php?rest_route=\/wp\/v2\/posts\/2002"}],"collection":[{"href":"http:\/\/www.ardae.ro\/index.php?rest_route=\/wp\/v2\/posts"}],"about":[{"href":"http:\/\/www.ardae.ro\/index.php?rest_route=\/wp\/v2\/types\/post"}],"author":[{"embeddable":true,"href":"http:\/\/www.ardae.ro\/index.php?rest_route=\/wp\/v2\/users\/1"}],"replies":[{"embeddable":true,"href":"http:\/\/www.ardae.ro\/index.php?rest_route=%2Fwp%2Fv2%2Fcomments&post=2002"}],"version-history":[{"count":6,"href":"http:\/\/www.ardae.ro\/index.php?rest_route=\/wp\/v2\/posts\/2002\/revisions"}],"predecessor-version":[{"id":2011,"href":"http:\/\/www.ardae.ro\/index.php?rest_route=\/wp\/v2\/posts\/2002\/revisions\/2011"}],"wp:attachment":[{"href":"http:\/\/www.ardae.ro\/index.php?rest_route=%2Fwp%2Fv2%2Fmedia&parent=2002"}],"wp:term":[{"taxonomy":"category","embeddable":true,"href":"http:\/\/www.ardae.ro\/index.php?rest_route=%2Fwp%2Fv2%2Fcategories&post=2002"},{"taxonomy":"post_tag","embeddable":true,"href":"http:\/\/www.ardae.ro\/index.php?rest_route=%2Fwp%2Fv2%2Ftags&post=2002"}],"curies":[{"name":"wp","href":"https:\/\/api.w.org\/{rel}","templated":true}]}}