{"id":1961,"date":"2015-04-07T09:20:33","date_gmt":"2015-04-07T09:20:33","guid":{"rendered":"http:\/\/www.ardae.ro\/?p=1961"},"modified":"2015-04-09T05:51:02","modified_gmt":"2015-04-09T05:51:02","slug":"centrul-robertianum-de-drept-privat-facultatea-de-drept-universitatea-al-i-cuza-din-iasi-a-incheiat-un-protocol-de-colaborare-stiintifica-cu-ardae","status":"publish","type":"post","link":"http:\/\/www.ardae.ro\/?p=1961","title":{"rendered":"Centrul Robertianum de drept privat \u2013 Facultatea de drept \u2013 Universitatea Al. I. Cuza din Ia\u015fi a incheiat un protocol de colaborare stiintifica cu ARDAE"},"content":{"rendered":"<p><!--more--><\/p>\n<p><strong>Centrul Robertianum de drept privat \u2013 Facultatea de drept \u2013 Universitatea Al. I. Cuza din Ia\u015fi a incheiat un protocol de colaborare stiintifica cu ARDAE- Asociatia romana de drept si afaceri europene<\/strong><\/p>\n<p>Protocolul prevede\u00a0realizarea de activit\u0103\u0163i \u015ftiin\u0163ifice, organizarea de evenimente (conferinte, dezbateri), publicarea de volume, promovarea activit\u0103\u0163ilor din aria tematica a dreptului Uniunii Europene, diseminarea informatiilor de interes comun. Protocolul a fost semnat, pe de o parte de dl. lector univ. dr. Codrin Macovei reprezentant al\u00a0<em>Centrului Robertianum<\/em>, \u015fi pe de alt\u0103 parte, de Mihai Sandru, presedinte al ARDAE.<\/p>\n<p><strong>Partener media:\u00a0<a href=\"http:\/\/www.juridice.ro\/370114\/protocol-de-colaborare-centrul-robertianum-de-drept-privat-al-facultatii-de-drept-universitatea-al-i-cuza-din-iasi-ardae.html\" target=\"_blank\">JURIDICE.ro<\/a><\/strong><\/p>\n<p><a href=\"http:\/\/www.ardae.ro\/?page_id=33\" target=\"_blank\">Parteneri si proiecte ARDAE<\/a><\/p>\n<p><strong>Revista ARDAE<\/strong>\u00a0\u2013\u00a0<a href=\"http:\/\/iaduer.ro\/\"><em>Afaceri juridice europene<\/em><\/a><a href=\"http:\/\/iaduer.ro\/?p=1285\" target=\"_blank\"><br \/>\n<\/a><\/p>\n<p><strong>PROIECTUL IADUER<\/strong>\u00a0\u2013 interpretarea si aplicarea dreptului Uniunii Europene in Romania \u2013\u00a0<a href=\"http:\/\/iaduer.ro\/?p=162\" target=\"_blank\">Lista trimiterilor preliminare din Romania, inregistrate la CJUE<\/a><\/p>\n<p><strong><a href=\"https:\/\/eubusinesslaw.wordpress.com\/2014\/05\/06\/fiat-iustitia-moot-court-competitions\/\" target=\"_blank\">FIAT IUSTITIA MOOT COURT\u00a0COMPETITIONS 2015<\/a><\/strong><\/p>\n<p><a href=\"http:\/\/www.ardae.ro\/?p=1180\" target=\"_blank\">Calendarul evenimentelor de drept si afaceri europene \u2013 ARDAE<\/a><\/p>\n<p><a href=\"http:\/\/www.ardae.ro\/?p=825\" target=\"_blank\">AGENDA ARDAE<\/a><\/p>\n<h1>Dialog &amp; forum<\/h1>\n<div>\n<ul>\n<li><a href=\"https:\/\/www.facebook.com\/pages\/Centrul-de-Studii-de-Drept-European-CSDE\/283908204962137\">Centrul de Studii de Drept European \u2013 CSDE: Facebook<\/a><\/li>\n<li><a href=\"https:\/\/eubusinesslaw.wordpress.com\/\">Dreptul european al afacerilor.blog<\/a>;<\/li>\n<li><a href=\"https:\/\/www.facebook.com\/iaduer\" target=\"_blank\">Facebook \u2013 Afaceri juridice europene.blog<\/a><\/li>\n<li><a href=\"http:\/\/groups.yahoo.com\/group\/csde\/\">Grupul\/lista de discutii CSDE<\/a><\/li>\n<li><a href=\"http:\/\/www.linkedin.com\/groups\/Centrul-de-Studii-de-Drept-4182878?goback=%2Emid_I143244941*460\">LinkedIn \u2013 CSDE\/CELS<\/a><\/li>\n<li><a href=\"http:\/\/groups.yahoo.com\/group\/newsletter_csde\/\">Newsletter CSDE<\/a><\/li>\n<li><a href=\"https:\/\/twitter.com\/ardae2007\" target=\"_blank\">Twitter<\/a><\/li>\n<\/ul>\n<\/div>\n","protected":false},"excerpt":{"rendered":"","protected":false},"author":1,"featured_media":0,"comment_status":"closed","ping_status":"open","sticky":false,"template":"","format":"standard","meta":{"footnotes":""},"categories":[74],"tags":[],"class_list":["post-1961","post","type-post","status-publish","format-standard","hentry","category-parteneriate"],"_links":{"self":[{"href":"http:\/\/www.ardae.ro\/index.php?rest_route=\/wp\/v2\/posts\/1961"}],"collection":[{"href":"http:\/\/www.ardae.ro\/index.php?rest_route=\/wp\/v2\/posts"}],"about":[{"href":"http:\/\/www.ardae.ro\/index.php?rest_route=\/wp\/v2\/types\/post"}],"author":[{"embeddable":true,"href":"http:\/\/www.ardae.ro\/index.php?rest_route=\/wp\/v2\/users\/1"}],"replies":[{"embeddable":true,"href":"http:\/\/www.ardae.ro\/index.php?rest_route=%2Fwp%2Fv2%2Fcomments&post=1961"}],"version-history":[{"count":7,"href":"http:\/\/www.ardae.ro\/index.php?rest_route=\/wp\/v2\/posts\/1961\/revisions"}],"predecessor-version":[{"id":1985,"href":"http:\/\/www.ardae.ro\/index.php?rest_route=\/wp\/v2\/posts\/1961\/revisions\/1985"}],"wp:attachment":[{"href":"http:\/\/www.ardae.ro\/index.php?rest_route=%2Fwp%2Fv2%2Fmedia&parent=1961"}],"wp:term":[{"taxonomy":"category","embeddable":true,"href":"http:\/\/www.ardae.ro\/index.php?rest_route=%2Fwp%2Fv2%2Fcategories&post=1961"},{"taxonomy":"post_tag","embeddable":true,"href":"http:\/\/www.ardae.ro\/index.php?rest_route=%2Fwp%2Fv2%2Ftags&post=1961"}],"curies":[{"name":"wp","href":"https:\/\/api.w.org\/{rel}","templated":true}]}}