{"id":1885,"date":"2015-03-12T06:59:28","date_gmt":"2015-03-12T06:59:28","guid":{"rendered":"http:\/\/www.ardae.ro\/?p=1885"},"modified":"2015-03-12T06:59:35","modified_gmt":"2015-03-12T06:59:35","slug":"1885","status":"publish","type":"post","link":"http:\/\/www.ardae.ro\/?p=1885","title":{"rendered":"Conferin\u0163a na\u0163ional\u0103 \u201eArbitrajul comercial interna\u0163ional. Actualitate \u015fi perspective\u201d, 13.03.2015, Targu Mures"},"content":{"rendered":"<p><!--more--><\/p>\n<p>Curtea de Arbitraj Comercial Interna\u0163ional de pe l\u00e2ng\u0103 Camera de Comer\u0163 \u015fi Industrie a Rom\u00e2niei<\/p>\n<p>Universitatea \u201ePetru Maior\u201d, T\u00e2rgu Mure\u015f<\/p>\n<p>Asocia\u0163ia Rom\u00e2n\u0103 de Drept \u015fi Afaceri Europene<\/p>\n<p>ELSA T\u00e2rgu Mure\u015f<\/p>\n<p>Organizeaz\u0103 \u00een data de 13 martie 2015, ora 11 \u00een Aula Tudor Dr\u0103ganu a Universit\u0103\u0163ii \u201ePetru Maior\u201d<\/p>\n<p>Conferin\u0163a na\u0163ional\u0103<\/p>\n<p>\u201eArbitrajul comercial interna\u0163ional. Actualitate \u015fi perspective\u201d<\/p>\n<p>Invita\u0163i:<\/p>\n<p>Prof. univ. dr. Marin Voicu<\/p>\n<p>Prof. univ. dr. Ioan Sab\u0103u-Pop<\/p>\n<p>Prof. univ. dr. Mihai \u015eandru<\/p>\n<p>Conf. univ. dr. Nicolae Ploe\u015fteanu<\/p>\n<p>Dr. Felix Hodo\u015f<\/p>\n<p>\u00cen cadrul conferin\u0163ei, la ora 13.30, va fi lansat\u0103 lucrarea \u201eArbitrajul comercial. Jurispruden\u0163\u0103 adnotat\u0103 \u015fi comentat\u0103 2004-2014\u201d publicat\u0103 de prof. univ. dr. Marin Voicu la Editura Universul Juridic la sf\u00e2r\u0219itul anului 2014.<\/p>\n<p>Evenimentul are loc \u00een cadrul Atelierului Juridic Fiat Iustitia\u00a0<a href=\"https:\/\/fiatiustitia.upm.ro\/\">https:\/\/fiatiustitia.upm.ro\/<\/a>\u00a0Participarea se poate realiza f\u0103r\u0103 \u00eenregistrare prealabil\u0103.<\/p>\n<p><strong>Comitetul \u015ftiin\u0163ific-organizatoric:<\/strong><\/p>\n<p>Prof. univ. dr. Mihai \u015eandru<\/p>\n<p>Conf. univ. dr. Nicolae Ploe\u015fteanu<\/p>\n<p>Raul Miron, masterand<\/p>\n<p><strong>Parteneri:<\/strong><br \/>\nEditura Universul Juridic<\/p>\n<p>Editura Wolters Kluwer<\/p>\n<p>Editura Universitar\u0103<\/p>\n<p>Editura C. H. Beck<\/p>\n<p>JurisclasorCEDO \u2013 hotararicedo.ro<\/p>\n<p>Revista Rom\u00e2n\u0103 de Dreptul Afacerilor<\/p>\n<p>Revista Forumul Judec\u0103torilor<\/p>\n<p>Revista on-line Arbitrajul \u00een Rom\u00e2nia romanianarbitration.ro<\/p>\n<p>Parteneri media: <a href=\"http:\/\/evenimente.juridice.ro\/2015\/03\/arbitrajul-comercial-international-actualitate-si-perspective-13-martie-2015-targu-mures.html\" target=\"_blank\">JURIDICE.ro<\/a>, <a href=\"http:\/\/www.curieruljudiciar.ro\/2015\/03\/11\/13-martie-conferinta-nationala-arbitrajul-comercial-international-targu-mures\/\" target=\"_blank\">Curierul Judiciar<\/a><\/p>\n","protected":false},"excerpt":{"rendered":"","protected":false},"author":1,"featured_media":0,"comment_status":"closed","ping_status":"open","sticky":false,"template":"","format":"standard","meta":{"footnotes":""},"categories":[48],"tags":[],"class_list":["post-1885","post","type-post","status-publish","format-standard","hentry","category-evenimente"],"_links":{"self":[{"href":"http:\/\/www.ardae.ro\/index.php?rest_route=\/wp\/v2\/posts\/1885"}],"collection":[{"href":"http:\/\/www.ardae.ro\/index.php?rest_route=\/wp\/v2\/posts"}],"about":[{"href":"http:\/\/www.ardae.ro\/index.php?rest_route=\/wp\/v2\/types\/post"}],"author":[{"embeddable":true,"href":"http:\/\/www.ardae.ro\/index.php?rest_route=\/wp\/v2\/users\/1"}],"replies":[{"embeddable":true,"href":"http:\/\/www.ardae.ro\/index.php?rest_route=%2Fwp%2Fv2%2Fcomments&post=1885"}],"version-history":[{"count":2,"href":"http:\/\/www.ardae.ro\/index.php?rest_route=\/wp\/v2\/posts\/1885\/revisions"}],"predecessor-version":[{"id":1887,"href":"http:\/\/www.ardae.ro\/index.php?rest_route=\/wp\/v2\/posts\/1885\/revisions\/1887"}],"wp:attachment":[{"href":"http:\/\/www.ardae.ro\/index.php?rest_route=%2Fwp%2Fv2%2Fmedia&parent=1885"}],"wp:term":[{"taxonomy":"category","embeddable":true,"href":"http:\/\/www.ardae.ro\/index.php?rest_route=%2Fwp%2Fv2%2Fcategories&post=1885"},{"taxonomy":"post_tag","embeddable":true,"href":"http:\/\/www.ardae.ro\/index.php?rest_route=%2Fwp%2Fv2%2Ftags&post=1885"}],"curies":[{"name":"wp","href":"https:\/\/api.w.org\/{rel}","templated":true}]}}