{"id":183,"date":"2013-04-17T11:17:51","date_gmt":"2013-04-17T11:17:51","guid":{"rendered":"http:\/\/www.ardae.ro\/?p=183"},"modified":"2013-07-12T05:48:22","modified_gmt":"2013-07-12T05:48:22","slug":"agenda-conferintei-procedura-trimiterii-preliminare-principii-de-drept-al-uniunii-europene-si-experiente-ale-sistemului-roman-de-drept-19-iunie-2013ora-12","status":"publish","type":"post","link":"http:\/\/www.ardae.ro\/?p=183","title":{"rendered":"Agenda conferin\u0163ei  Procedura trimiterii preliminare. Principii de drept al Uniunii Europene \u015fi experien\u0163e ale sistemului rom\u00e2n de drept, 19 iunie 2013,ora 12"},"content":{"rendered":"<p align=\"center\"><strong><!--more-->Centrul de Studii de Drept European (CSDE) al Institutului de Cercet\u0103ri Juridice din cadrul Academiei Rom\u00e2ne, Asocia\u0163ia Forumul Judec\u0103torilor din Rom\u00e2nia,\u00a0Asocia\u0163ia Rom\u00e2n\u0103 de Drept \u015fi Afaceri Europene (ARDAE)\u00a0\u015fi Editura C. H. Beck organizeaz\u0103, \u00een seria \u201eIADUER \u2013 interpretarea si aplicarea dreptului Uniunii Europene \u00een Rom\u00e2nia\u201d<\/strong><strong><\/strong><\/p>\n<p align=\"center\"><strong>Agenda conferin\u0163ei<\/strong><\/p>\n<p align=\"center\"><strong><em>Procedura trimiterii preliminare. Principii de drept al Uniunii Europene \u015fi experien\u0163e ale sistemului rom\u00e2n de drept, 19 iunie 2013,ora 12<\/em><\/strong><\/p>\n<p align=\"center\"><strong>Amfiteatrul\u00a0Ion Heliande R\u0103dulescu\u00a0al Bibliotecii Academiei Rom\u00e2ne<\/strong><strong><em><\/em><\/strong><\/p>\n<p><strong><a href=\"https:\/\/www.facebook.com\/media\/set\/?set=a.523267997726827.1073741835.135057146547916&amp;type=3\" target=\"_blank\">Foto Mihaela Dumbrava, Juridice.ro<\/a>\u00a0(link catre facebook)\u00a0<\/strong><\/p>\n<p><strong>Alocu\u0163iuni<\/strong><\/p>\n<p>Dr. Titus Corl\u0103\u0163ean, Ministrul Afacerilor Externe<\/p>\n<p>Dr. Simona Maya Teodoroiu, Secretar de Stat, Ministerul Justi\u0163iei<\/p>\n<p>Augustin Zegrean, Pre\u0219edintele Cur\u021bii Constitu\u021bionale<\/p>\n<p>Prof. univ. dr. Corina Dumitrescu \u2013 Rector Universitatea Cre\u015ftin\u0103 Dimitrie Cantemir, membru al Consiliului Superior al Magistraturii<\/p>\n<p>Prof. univ. dr. Mircea Du\u0163u, Pre\u015fedinte \u2013 Universitatea Ecologic\u0103, Directorul Institutul de Cercet\u0103ri Juridice al Academiei Rom\u00e2ne<\/p>\n<p>Dr. Octavia Spineanu-Matei, Director Institutul Na\u0163ional al Magistraturii<\/p>\n<p>Dr. Ioan Chelaru, Pre\u015fedinte &#8211; Uniunea Juri\u015ftilor din Rom\u00e2nia<\/p>\n<p>Dr. R\u0103zvan Horatiu Radu, Subsecretar de stat\u00a0\u00een cadrul Ministerului Afacerilor Externe, Agentul Guvernamental al Rom\u00e2niei pentru Curtea European\u0103 de Justi\u0163ie<\/p>\n<p>Dr. Andrei S\u0103vescu, Pre\u015fedinte executiv, Societatea de \u015etiin\u0163e Juridice<\/p>\n<p><strong>Conferin\u0163e<\/strong><\/p>\n<p>Prof. univ. dr. Valerius Ciuc\u0103,\u00a0<em>Un dialog, la Alicante, cu Avocatul General Damaso-Ruiz Jarabo Colomer, \u00een marginea chestiunilor prejudiciale<\/em><\/p>\n<p>Prof. univ. dr. Elena Simina T\u0103n\u0103sescu,\u00a0<em>Cooperarea loial\u0103 \u015fi trimiterea preliminar\u0103<\/em><\/p>\n<p>Nicolae Turcu, Pre\u015fedintele Sec\u0163iei de Drept Privat, Consiliul Legislativ din Rom\u00e2nia, titlu rezervat<\/p>\n<p>Prof. univ. dr. Marin Voicu,\u00a0<em>Procedura hot\u0103r\u00e2rii preliminare la CJUE \u015fi jurisprudenta instantelor rom\u00e2ne<\/em><\/p>\n<p>Dr. Flavius Cosmin Costa\u015f,\u00a0<em>Afacerea Scandic Distelleries: Formalism legislativ \u015fi practici administrative abuzive<\/em><\/p>\n<p><strong>Concluzii<\/strong><\/p>\n<p><em>Mihai \u015eandru, Mihai Banu, Drago\u015f C\u0103lin, De ce \u201eProcedura trimiterii preliminare\u201d? Addenda la o carte<\/em><\/p>\n<p>Oana Dimitru, Redactor \u0219ef C.H.Beck \u2013 Colec\u021bia IADUER: despre parteneriatul editurii cu cercetarea european\u0103 \u2013 CSDE, ARDAE, FJR<\/p>\n","protected":false},"excerpt":{"rendered":"","protected":false},"author":1,"featured_media":0,"comment_status":"open","ping_status":"open","sticky":false,"template":"","format":"standard","meta":{"footnotes":""},"categories":[48],"tags":[],"class_list":["post-183","post","type-post","status-publish","format-standard","hentry","category-evenimente"],"_links":{"self":[{"href":"http:\/\/www.ardae.ro\/index.php?rest_route=\/wp\/v2\/posts\/183"}],"collection":[{"href":"http:\/\/www.ardae.ro\/index.php?rest_route=\/wp\/v2\/posts"}],"about":[{"href":"http:\/\/www.ardae.ro\/index.php?rest_route=\/wp\/v2\/types\/post"}],"author":[{"embeddable":true,"href":"http:\/\/www.ardae.ro\/index.php?rest_route=\/wp\/v2\/users\/1"}],"replies":[{"embeddable":true,"href":"http:\/\/www.ardae.ro\/index.php?rest_route=%2Fwp%2Fv2%2Fcomments&post=183"}],"version-history":[{"count":5,"href":"http:\/\/www.ardae.ro\/index.php?rest_route=\/wp\/v2\/posts\/183\/revisions"}],"predecessor-version":[{"id":213,"href":"http:\/\/www.ardae.ro\/index.php?rest_route=\/wp\/v2\/posts\/183\/revisions\/213"}],"wp:attachment":[{"href":"http:\/\/www.ardae.ro\/index.php?rest_route=%2Fwp%2Fv2%2Fmedia&parent=183"}],"wp:term":[{"taxonomy":"category","embeddable":true,"href":"http:\/\/www.ardae.ro\/index.php?rest_route=%2Fwp%2Fv2%2Fcategories&post=183"},{"taxonomy":"post_tag","embeddable":true,"href":"http:\/\/www.ardae.ro\/index.php?rest_route=%2Fwp%2Fv2%2Ftags&post=183"}],"curies":[{"name":"wp","href":"https:\/\/api.w.org\/{rel}","templated":true}]}}