{"id":1822,"date":"2015-02-19T12:52:51","date_gmt":"2015-02-19T12:52:51","guid":{"rendered":"http:\/\/www.ardae.ro\/?p=1822"},"modified":"2018-05-29T09:33:14","modified_gmt":"2018-05-29T09:33:14","slug":"ardae-asociatia-romana-de-drept-si-afaceri-europene-a-incheiat-un-protocol-de-colaborare-cu-facultatea-de-drept-simion-barnutiu-a-universitatii-lucian-blaga-din-sibiu","status":"publish","type":"post","link":"http:\/\/www.ardae.ro\/?p=1822","title":{"rendered":"ARDAE \u2013 Asociatia romana de drept si afaceri europene a incheiat un protocol de colaborare cu Facultatea de Drept \u201cSimion Barnutiu\u201d a Universit\u0103\u0163ii Lucian Blaga din Sibiu"},"content":{"rendered":"<p><!--more--><\/p>\n<p>ARDAE \u2013 Asociatia romana de drept si afaceri europene a incheiat un protocol de colaborare \u015ftiin\u0163ific\u0103, la sfarsitul anului 2014, cu Facultatea de Drept \u201cSimion Barnutiu\u201d a Universit\u0103\u0163ii Lucian Blaga din Sibiu care are \u00een vedere dezvoltarea activitatilor comune in\u00a0materia dreptului Uniunii Europene, participarea la proiecte\u00a0de interes comun, diseminarea informa\u0163iilor de calitate.<\/p>\n<p>Facultatea de Drept \u201cSimion Barnutiu\u201d: Studiile de drept au o tradi\u021bie \u00eendelungat\u0103 \u00een Sibiu. Anul 1844 a fost anul \u00een care s-a \u00eenfiin\u021bat Academia de Drept cu predare \u00een limba german\u0103. Numele unor personalit\u0103\u0163i remarcabile se leag\u0103 de aceast\u0103 scoal\u0103 de drept: Simion B\u0103rnu\u0163iu, reprezentant de seam\u0103 al dreptului \u00een Romania, Ilie M\u0103celariu, participant de marc\u0103 la mi\u015fcarea politic\u0103 din Transilvania, Dionisie Pop Mar\u0163ian, fondatorul studiului \u015ftiin\u0163elor statistice \u00een Rom\u00e2nia , Aron Desu\u015fianu, poet \u015fi critic literar. \u00cen timpul celui de-al doilea r\u0103zboi mondial, ani \u00eentuneca\u0163i din istoria Rom\u00e2niei, Sibiul a g\u0103zduit Universitatea din Cluj \u015fi implicit Facultatea de Drept clujean\u0103, care fusese silit\u0103 s\u0103 se refugieze \u00een aceast\u0103 parte a \u0163\u0103rii. Anul 1971 a \u00eensemnat un nou \u00eenceput \u2013 \u00eenfiin\u0163area Faculta\u0163ii de Administra\u0163ie Public\u0103 \u2013 facultate care a func\u0163ionat p\u00e2n\u0103 \u00een anul 1987, c\u00e2nd a fost desfiin\u0163at\u0103. Mai t\u00e2rziu, \u00eenfiin\u0163area Universit\u0103\u0163ii \u201cLucian Blaga\u201d din Sibiu \u015fi reorganizarea studiilor de drept \u00een 1990 au reprezentat acte de justi\u0163ie social\u0103 precum \u015fi de repara\u0163ie moral\u0103 fa\u0163\u0103 de intelectualitatea sibian\u0103.<\/p>\n<p><a href=\"http:\/\/www.ardae.ro\/?p=13\" target=\"_blank\">Obiectivul ARDAE<\/a>\u00a0\u2013 Asocia\u0163iei rom\u00e2ne de drept \u015fi afaceri europene (ARDAE) este de a \u00eent\u0103riri capacitatea proactiv\u0103 a institu\u0163iilor statului rom\u00e2n \u00een privin\u0163a propunerilor de reglement\u0103ri ale Uniunii Europene, diseminarea de informa\u0163ie juridic\u0103 privind dreptul Uniunii Europene, organizarea de evenimente \u015ftiin\u0163ifice, publicarea de reviste \u015fi volume, participarea la proiecte \u015fi colaborarea cu entitati publice \u015fi private din \u0163ar\u0103 \u015fi strainatate \u00een domeniul dreptului \u015fi afacerilor europene.<\/p>\n<p>Din activitatile desfasurate pana acum amintim ca ARDAE a fost\u00a0partener al\u00a0<a href=\"http:\/\/www.ardae.ro\/?p=1165\" target=\"_blank\">conferintei INTERNATIONAL CONFERENCE Law and Cultural Diversity: Interactions, 21 \u2013 22 November 2014, Sibiu<\/a><\/p>\n<p><a href=\"http:\/\/www.ardae.ro\/?p=3676\" target=\"_blank\">Dezbaterea Protec\u0163ia datelor personale in Romania. Provocari si perspective, Sibiu, 24 mai 2018<\/a><\/p>\n","protected":false},"excerpt":{"rendered":"","protected":false},"author":1,"featured_media":0,"comment_status":"closed","ping_status":"open","sticky":false,"template":"","format":"standard","meta":{"footnotes":""},"categories":[74],"tags":[],"class_list":["post-1822","post","type-post","status-publish","format-standard","hentry","category-parteneriate"],"_links":{"self":[{"href":"http:\/\/www.ardae.ro\/index.php?rest_route=\/wp\/v2\/posts\/1822"}],"collection":[{"href":"http:\/\/www.ardae.ro\/index.php?rest_route=\/wp\/v2\/posts"}],"about":[{"href":"http:\/\/www.ardae.ro\/index.php?rest_route=\/wp\/v2\/types\/post"}],"author":[{"embeddable":true,"href":"http:\/\/www.ardae.ro\/index.php?rest_route=\/wp\/v2\/users\/1"}],"replies":[{"embeddable":true,"href":"http:\/\/www.ardae.ro\/index.php?rest_route=%2Fwp%2Fv2%2Fcomments&post=1822"}],"version-history":[{"count":3,"href":"http:\/\/www.ardae.ro\/index.php?rest_route=\/wp\/v2\/posts\/1822\/revisions"}],"predecessor-version":[{"id":3678,"href":"http:\/\/www.ardae.ro\/index.php?rest_route=\/wp\/v2\/posts\/1822\/revisions\/3678"}],"wp:attachment":[{"href":"http:\/\/www.ardae.ro\/index.php?rest_route=%2Fwp%2Fv2%2Fmedia&parent=1822"}],"wp:term":[{"taxonomy":"category","embeddable":true,"href":"http:\/\/www.ardae.ro\/index.php?rest_route=%2Fwp%2Fv2%2Fcategories&post=1822"},{"taxonomy":"post_tag","embeddable":true,"href":"http:\/\/www.ardae.ro\/index.php?rest_route=%2Fwp%2Fv2%2Ftags&post=1822"}],"curies":[{"name":"wp","href":"https:\/\/api.w.org\/{rel}","templated":true}]}}