{"id":182,"date":"2013-04-17T11:16:42","date_gmt":"2013-04-17T11:16:42","guid":{"rendered":"http:\/\/www.ardae.ro\/?p=182"},"modified":"2013-07-12T05:48:55","modified_gmt":"2013-07-12T05:48:55","slug":"conference-la-procedure-prejudicielle-principes-de-droit-de-lunion-europeenne-et-experiences-du-systeme-de-droit-romain-mercredi-19-juin-2013","status":"publish","type":"post","link":"http:\/\/www.ardae.ro\/?p=182","title":{"rendered":"Conf\u00e9rence La proc\u00e9dure pr\u00e9judicielle. Principes de droit de l&#8217;Union europ\u00e9enne et exp\u00e9riences du syst\u00e8me de droit roumain, Mercredi 19 juin 2013"},"content":{"rendered":"<p style=\"text-align: justify;\"><strong><!--more-->Conf\u00e9rence La proc\u00e9dure pr\u00e9judicielle. Principes de droit de l&#8217;Union europ\u00e9enne et exp\u00e9riences du syst\u00e8me de droit roumain,\u00a0<\/strong><strong>Mercredi 19 juin 2013<\/strong><\/p>\n<p style=\"text-align: justify;\"><strong>Centre d&#8217;\u00e9tudes de droit europ\u00e9en (CEDE) de l\u2019Institut de Recherches Juridiques de l&#8217;Acad\u00e9mie roumaine, Association le Forum des juges de la Roumanie, l&#8217;Association roumaine de droit et des affaires europ\u00e9ennes (ARDAE) et CH Beck organise en s\u00e9rie \u201cIADUER- l&#8217;interpr\u00e9tation et l&#8217;application du droit de l\u2019Union europ\u00e9enne en Roumanie &#8220;<\/strong><\/p>\n<p style=\"text-align: justify;\"><strong>Conf\u00e9rence<\/strong><\/p>\n<p style=\"text-align: justify;\"><strong>La proc\u00e9dure pr\u00e9judicielle. Principes de droit de l&#8217;Union europ\u00e9enne et exp\u00e9riences du syst\u00e8me de droit romain<\/strong><\/p>\n<p style=\"text-align: justify;\"><strong>Qui aura lieu le 19 juin 2013 \u00e0 12h \u00e0<\/strong><strong>\u00a0<\/strong>Amphith\u00e9\u00e2tre Ion Heliade Radulescu de la Biblioth\u00e8que de l&#8217;Acad\u00e9mie roumaine.<\/p>\n<p style=\"text-align: justify;\">La conf\u00e9rence rassemble des sp\u00e9cialistes en droit de l&#8217;Union europ\u00e9enne et des praticiens &#8211; juges et avocats.<\/p>\n<p style=\"text-align: justify;\">A cette occasion sera pr\u00e9sent\u00e9 l\u2019ouvrage(le volume)\u00a0<em>Procedura trimiterii preliminare. Principii de drept al Uniunii Europene si experiente ale sistemului roman de drept<\/em>\u00a0(<em>La proc\u00e9dure de renvoi pr\u00e9judiciel. Principes de droit de l&#8217;Union europ\u00e9enne et exp\u00e9riences du syst\u00e8me de droit romain<\/em>) de Messieurs Mihai Sandru Mihai Banu, Dragos Calin, ,Publishing CH Beck, 2013.<\/p>\n<p style=\"text-align: justify;\">La proc\u00e9dure de renvoi pr\u00e9judiciel repr\u00e9sente l\u2019\u00e9l\u00e9ment essentiel du dialogue entre les juridictions nationales et la Cour de justice de l&#8217;Union europ\u00e9enne. Bien que les trois premi\u00e8res ann\u00e9es apr\u00e8s l&#8217;adh\u00e9sion, la Roumanie a \u00e9t\u00e9 envoy\u00e9 seulement deux r\u00e9f\u00e9rence pour une demande de d\u00e9cision pr\u00e9judicielle, dans les deux derni\u00e8res ann\u00e9es leur nombre a augment\u00e9 de fa\u00e7on exponentielle. Prend place, cependant, un v\u00e9ritable dialogue entre les juridictions roumaines et la Cour de justice. Les juridictions et les avocats sont pr\u00eats eux pour cet incident de proc\u00e9dure ne deviennent pas un fardeau inutile pour l&#8217;action nationale?<\/p>\n<p style=\"text-align: justify;\">L\u2019ouvrage examine les renvois pr\u00e9judiciels des juridictions roumaines, ainsi que des \u00e9l\u00e9ments en rapport avec le renvoi pr\u00e9judiciel et consid\u00e9r\u00e9e comme essentielle \u00e0 la compr\u00e9hension de ce m\u00e9canisme, comme: les principes de la proc\u00e9dure pr\u00e9judicielle, la r\u00e9partition des comp\u00e9tences entre les juridictions nationales et la Cour de justice; le fa\u00e7on de la formulation d&#8217;une demande afin de d\u00e9livrer une d\u00e9cision pr\u00e9judicielle et\u00a0 les exigences minimales \u00e0 respecter \u00e0 cet \u00e9gard; l\u2019act de procedure de la juridiction nationale par lequel se dispose la saisine de la Cour de justice; le rejet par les juridictions nationales des demandes formul\u00e9es par des parties devant de la Cour de justice; la suspension de l\u2019 actions en cas de renvoi de la Cour de justice ou dans la situation o\u00f9 il y a un renvoi enregistr\u00e9 \u00e0 la Cour de justice avec le m\u00eame objet ou un objet similaire; maintenir, modifier ou retirer une demande de d\u00e9cision pr\u00e9judicielle par une juridiction nationale; des proc\u00e9dures acc\u00e9l\u00e9r\u00e9es devant la Cour de Justice; la procedure devant des juridictions nationales apr\u00e8s avoir re\u00e7u la r\u00e9ponse de la Cour de Justice.<\/p>\n<p style=\"text-align: justify;\"><strong>Cet ouvrage fournit une riche collection de jurisprudence des juridictions roumaines ainsi que de nombreux exemples de jurisprudence de la Cour de justice.<\/strong><\/p>\n<p style=\"text-align: justify;\">CSDE vous remercie de transmettre cette invitation \u00e0 toutes les personnes int\u00e9ress\u00e9es. Il n&#8217;y a aucun frais de participation. Vous pouvez vous inscrire par e-mail \u00e0 l&#8217;adresse:\u00a0<a href=\"mailto:mihai.sandru@csde.ro\">mihai.sandru@csde.ro<\/a><\/p>\n<p style=\"text-align: justify;\">Les places sont limit\u00e9es, l\u2019inscription des participants sera faite dans l&#8217;ordre chronologique des confirmations.<\/p>\n<p style=\"text-align: justify;\">\n","protected":false},"excerpt":{"rendered":"","protected":false},"author":1,"featured_media":0,"comment_status":"open","ping_status":"open","sticky":false,"template":"","format":"standard","meta":{"footnotes":""},"categories":[55],"tags":[],"class_list":["post-182","post","type-post","status-publish","format-standard","hentry","category-version-francaise"],"_links":{"self":[{"href":"http:\/\/www.ardae.ro\/index.php?rest_route=\/wp\/v2\/posts\/182"}],"collection":[{"href":"http:\/\/www.ardae.ro\/index.php?rest_route=\/wp\/v2\/posts"}],"about":[{"href":"http:\/\/www.ardae.ro\/index.php?rest_route=\/wp\/v2\/types\/post"}],"author":[{"embeddable":true,"href":"http:\/\/www.ardae.ro\/index.php?rest_route=\/wp\/v2\/users\/1"}],"replies":[{"embeddable":true,"href":"http:\/\/www.ardae.ro\/index.php?rest_route=%2Fwp%2Fv2%2Fcomments&post=182"}],"version-history":[{"count":3,"href":"http:\/\/www.ardae.ro\/index.php?rest_route=\/wp\/v2\/posts\/182\/revisions"}],"predecessor-version":[{"id":215,"href":"http:\/\/www.ardae.ro\/index.php?rest_route=\/wp\/v2\/posts\/182\/revisions\/215"}],"wp:attachment":[{"href":"http:\/\/www.ardae.ro\/index.php?rest_route=%2Fwp%2Fv2%2Fmedia&parent=182"}],"wp:term":[{"taxonomy":"category","embeddable":true,"href":"http:\/\/www.ardae.ro\/index.php?rest_route=%2Fwp%2Fv2%2Fcategories&post=182"},{"taxonomy":"post_tag","embeddable":true,"href":"http:\/\/www.ardae.ro\/index.php?rest_route=%2Fwp%2Fv2%2Ftags&post=182"}],"curies":[{"name":"wp","href":"https:\/\/api.w.org\/{rel}","templated":true}]}}