{"id":1812,"date":"2013-02-18T10:31:29","date_gmt":"2013-02-18T10:31:29","guid":{"rendered":"http:\/\/www.ardae.ro\/?p=1812"},"modified":"2015-02-18T10:44:39","modified_gmt":"2015-02-18T10:44:39","slug":"simona-maya-teodoroiu","status":"publish","type":"post","link":"http:\/\/www.ardae.ro\/?p=1812","title":{"rendered":"Simona Maya Teodoroiu"},"content":{"rendered":"<p><!--more--><\/p>\n<p><a href=\"http:\/\/www.ardae.ro\/wp-content\/uploads\/Simona-Maya-Teodoroiu.jpg\"><img loading=\"lazy\" decoding=\"async\" class=\"alignleft  wp-image-1813\" alt=\"Simona Maya Teodoroiu\" src=\"http:\/\/www.ardae.ro\/wp-content\/uploads\/Simona-Maya-Teodoroiu.jpg\" width=\"212\" height=\"283\" srcset=\"http:\/\/www.ardae.ro\/wp-content\/uploads\/Simona-Maya-Teodoroiu.jpg 354w, http:\/\/www.ardae.ro\/wp-content\/uploads\/Simona-Maya-Teodoroiu-225x300.jpg 225w\" sizes=\"(max-width: 212px) 100vw, 212px\" \/><\/a>Simona-Maya TEODOROIU, Ph.D<\/p>\n<p>Professional experience:<\/p>\n<p>1994 to present: The Romanian Academy \u2013 Legal Research Institute (Department of European Studies). <i>Researcher in the field of law and legal studies (presently, Principal Associate Researcher, 3<sup>rd<\/sup> degree). <\/i><i>Author or co-author of several research papers, studies and books published in Romanian and Foreign reviews<\/i> (see in the Annex a selection of the most relevant ones)<\/p>\n<p>February 2013 to present: <i>Maitre de conference<\/i> (1994-2000 &#8211; Assistant professor, 2000-2012 &#8211; Lecturer), teaching civil law and environmental law, Faculty of Law \u2013 \u201cTitu Maiorescu\u201d University of Bucharest and Faculty of Public Administration \u2013 National School of Political Sciences and Public Administration (SNSPA), Bucharest<\/p>\n<p>&nbsp;<\/p>\n<p>May 2012 to present: <i>Secretary of State<\/i> (Vice-minister), Ministry of Justice of Romania, in charge with European and International affairs and programs<\/p>\n<p>&nbsp;<\/p>\n<p>2005-2012, <i>Counselor<\/i> (assimilated to a magistrate) and <i>Head of the International Programs Unit, <\/i>Superior Council of Magistracy of Romania<\/p>\n<p>&nbsp;<\/p>\n<p>2001-2005, Counselor of the minister, Director of European Affairs and Programs Directorate, <i>Secretary of State<\/i> (2002-2004), Ministry of Justice. SPO (Senior Project Officer) and Coordinator of all activities related to the implementation of PHARE programs for the Romanian judiciary (2002-2004, DSPO 2001-2002) and other bilateral programs; Member of the Romanian Delegation for EU accession negotiations on chapter 24-JHA. Member of the Inter-ministerial Group for drafting the Romania \u2013 EU Accession Treaty. Coordinator of the working-group for drafting chapter 24 \u2013 JHA negotiation documents. Coordinator of MoJ activity as member of the National Commission for Romania\u2019s NATO Accession, especially in relation with chapter 1 \u2013 Socio-economical problems and Chapter 5 \u2013 Legislation. Participant in the dialogue on Romania\u2019s NATO Accession Protocol and member of the working group for the elaboration of the relevant documents. Coordinator of the activity of the World Bank\u2019s Project Management Unit within MoJ<\/p>\n<p>&nbsp;<\/p>\n<p>&nbsp;<\/p>\n<p>1998-2001, Governmental expert, Department of European Integration of the Romanian Government and First Secretary, Ministry of Foreign Affairs of Romania -Directorate of European Affairs and Negotiations. &#8211; Desk-officer and expert of the working group for the elaboration of the negotiation papers on Chapter 9 \u2013\u00a0 \u201cTransports\u201d and Chapter 14 \u2013 \u201cEnergy\u201d as part of the EU-Romania accession negotiations. Member of the first Romanian Team for the EU Accession\u2019 Negotiations (the department was created in 1999). Member of the inter-institutional commissions for the preparation of screening activities on Chapter 22 \u2013 Environment (1999) and of the Sub-Committee no.6 \u201eTransport, energy and environment\u201d\u00a0 (1998, 1999, 2000) and of other EU-Romania reunions.<\/p>\n<p>&nbsp;<\/p>\n<p>2007 to present: Member of the National Integrity Council &#8211; the managerial coordinating body of the National Integrity Agency (ANI)<\/p>\n<p>&nbsp;<\/p>\n<p><i>2002 to 2009 (one mandate). Member of <\/i><i>the Romanian Delegation to\u00a0 the <\/i><i>Permanent Court of Arbitration(PCA)<\/i><\/p>\n<p><i>\u00a0<\/i><\/p>\n<p><i>\u00a0<\/i><\/p>\n<p><i>Main professional qualifications and diploma:<\/i><\/p>\n<p><i>\u00a0<\/i><\/p>\n<p><i>\u201cElena Cuza\u201d High School of Craiova, bachelor in literature and history; Faculty of Law of The Bucharest University \u2013 graduate in law<\/i><\/p>\n<p><i>\u00a0<\/i><\/p>\n<p><i>Doctor in law (Ph.D)<\/i> with a specialization in environmental law and civil law, supported by the AUF (Agence Universitaire de la Francophonie) &#8211; Program \u201cAllocation de Recherche\u201d \u2013 The Romanian Academy, Legal Research Institute<\/p>\n<p>&nbsp;<\/p>\n<p>Diploma of the Itinerant courses of the International Faculty of Comparative Law-Strasbourg, under the authority of the International Academy of Comparative Law, Paris, France<\/p>\n<p>&nbsp;<\/p>\n<p>Structural trainee of the European Commission (DG Environment \u2013 International affairs and environment)<\/p>\n<p>&nbsp;<\/p>\n<p>Graduate of continuous training programs( European law, Public policies of the Judiciary) of the National Institute of Magistracy<\/p>\n<p>&nbsp;<\/p>\n<p><i>The World Bank &#8211; JUST-PAL (\u201eJustice Sector Peer-Assisted Learning\u201d), Launching Conference and Network(as member), <\/i>Athens (Greece) and The Hague(The Netherlands)<\/p>\n<p>&nbsp;<\/p>\n<p>\u201cAdministration of Justice, from an organizational and policy perspective\u201d,\u00a0 diploma &#8211; training courses, seminars and debates, The Ministry of Foreign Affairs and the Ministry of Justice of The Netherlands (MTEC\/EVD)<\/p>\n<p>&nbsp;<\/p>\n<p>Annex. A selection of the main books and studies published<\/p>\n<p><span style=\"text-decoration: underline;\">\u00a0<\/span><\/p>\n<p><i>\u201e<\/i>Civil liability for environmental damage\u201d (Ed.Lumina Lex, Bucharest, 2003)<\/p>\n<p>\u201cElements of civil law. General aspects and principles. Persons and real estate. Tort law and contracts (Ed.C.H.Beck, Bucharest,\u00a0 December 2012)<\/p>\n<p>\u201cEnvironmental law and sustainable development\u201d, Ed.Universul Juridic, Bucharest, 2009<\/p>\n<p>\u201cCivil law: fundamental concepts, persons, real estate, tort law, contracts\u201d. Compendium, Ed.Lumina Lex, Bucharest, 2004<\/p>\n<p>\u201cConstitutional law and contemporary political institutions\u201d, co-author, Ed. Univers Juridic, Bucharest, 2005, 2006<\/p>\n<p>\u201cConstitutional litigation and Administrative and fiscal litigation\u201d, university compendium, co-author, Ed. Pro Universitaria, Bucharest, 2006<\/p>\n<p>\u201cThe innocence presumption and the constitutionality of certain procedural norms\u201d (<i>co-author<\/i>), in Law Review \u201cDreptul\u201d, no.5\/1995, Bucharest<\/p>\n<p>\u201cOpportunity\u2019 legality and the constitutional principle of the proportionality\u201d (co-author), in Law Review \u201cDreptul\u201d, no.7\/1996, Bucharest<\/p>\n<p>\u201cLa planification \u00e9conomique et l\u2019environnement\u201d (Co-author) part of the research paper \u201cQuelles institutions de l\u2019environnement pour le d\u00e9veloppement durable en Europe Centrale et de l\u2019Est?\u201d, published in\u00a0 vol. \u201cLes obstacles institutionnelles a une articulation ad\u00e9quate entre les politiques de protection de l\u2019environnement et d\u00e9veloppement\u201d, Coll. AUPELF-UREF (AUF) \u201cDroit de l\u2019environnement\u201d, Universit\u00e9 de Limoges, France, 1996<\/p>\n<p>\u201cVers un droit de l\u2019environnement urbain. Le rapport national roumain\u00a0\u00bb. 2emes journ\u00e9es scientifiques du r\u00e9seau th\u00e9matique de recherche \u00ab\u00a0Droit de l\u2019environnement\u00a0\u00bb. Agence Universitaire de la Francophonie, Ed.Bruylant, Bruxelles, 1997.<\/p>\n<p>\u201cThe approximation of the European acquis on chemicals\u201d (co-author),\u00a0 in Law Review SDR of the RomanianAcademy,\u00a0 Bucharest, no.3-4\/1998<\/p>\n<p>\u00ab\u00a0Juridical aspects related to the implementation of the environmental acquis in the Romanian legislation\u201d,\u00a0 in Law Review SDR of the RomanianAcademy, Bucharest, no3-4\/2000<\/p>\n<p>\u201c Consid\u00e9ration \u00e0 l\u2019\u00e9gard de la l\u00e9gislation roumaine r\u00e9glementant le domaine des organismes modifies g\u00e9n\u00e9tiquement\u00a0\u00bb,\u00a0 in\u00a0 Law Review \u201cStudii de Drept Romanesc\u00a0\u00bb (SDR) of the Romanian Academy, Bucharest, no.3-4\/2001<\/p>\n<p>\u201eLa mise en oeuvre nationale du droit internationale de l&#8217;environnement dans les pays francophones. Le rapport national roumain\u201d (co-author together with prof.dr M.Du\u0163u and prof.dr.M.Uliescu),a volume coordinated by prof.Michel Prieur, AUF (Agence Universitaire de la Francophonie), Ed.Pulim, Paris, 2003<\/p>\n<p>\u201cNew perspectives of the implementation of precautionary principle within the European environmental law\u201d, in vol. \u201cRomanian Law and European Integration\u201d, published by Romanian Academy \u2013 Legal Research Institute, Ed.Tempus, Bucharest, 2006<\/p>\n<p>\u201cAspects regarding European legislation of wastes and its implementation\u201d, (1<sup>st<\/sup> part), in\u00a0 Law Review \u201cStudii de Drept Romanesc\u00a0\u00bb (SDR) of the Romanian Academy, Bucharest,no.1-2\/2007, (2<sup>nd<\/sup> part), in\u00a0 Law Review \u201cStudii de Drept Romanesc\u00a0\u00bb (SDR) of the RomanianAcademy, Bucharest,no.1-2\/2008<\/p>\n<p>\u201cThe implementation of the PR and Communication Strategy of the Romanian Judiciary. Main targets and future priorities\u201d, \u201eJustice in our days\u201d Review\u2013 Superior Council of Magistracy Review, year II, no.3,\u00a0 Ed.Treira, Bucharest., 2008<\/p>\n<p>\u201cClimate changes. Recent developments of the legislation and jurisprudence on European and national level\u201d, in vol. \u201dRomanian Law in the context of European exigencies\u201d, published by the Legal Research Institute of the Romanian Academy, Ed.Hamangiu, Buc., 2010<\/p>\n<p>\u201cLegal tools for protecting the environment. A European perspective\u201d, in vol.\u201dThe dynamics of the Romanian Law after EU accession\u201d, published by the Legal Research Institute of the Romanian Academy, Ed.Universul Juridic, Buc., 2011<\/p>\n<p>\u201cThe right to a proper environment. Evolution and legal guarantees\u201d, in vol.\u201dJustice, Rule of Law and Juridical culture\u201d, published by the Legal Research Institute of the Romanian Academy, Ed.Universul Juridic, Buc., 2011<\/p>\n<p>***<\/p>\n<p>Membru aderent ARDAE &#8211; Asociatia romana de drept si afaceri europene din 21 ianuarie 2014<\/p>\n<p>&nbsp;<\/p>\n<p>&nbsp;<\/p>\n<p>&nbsp;<\/p>\n<p>&nbsp;<\/p>\n","protected":false},"excerpt":{"rendered":"","protected":false},"author":1,"featured_media":0,"comment_status":"closed","ping_status":"open","sticky":false,"template":"","format":"standard","meta":{"footnotes":""},"categories":[5,10],"tags":[],"class_list":["post-1812","post","type-post","status-publish","format-standard","hentry","category-english-version","category-membri-aderenti"],"_links":{"self":[{"href":"http:\/\/www.ardae.ro\/index.php?rest_route=\/wp\/v2\/posts\/1812"}],"collection":[{"href":"http:\/\/www.ardae.ro\/index.php?rest_route=\/wp\/v2\/posts"}],"about":[{"href":"http:\/\/www.ardae.ro\/index.php?rest_route=\/wp\/v2\/types\/post"}],"author":[{"embeddable":true,"href":"http:\/\/www.ardae.ro\/index.php?rest_route=\/wp\/v2\/users\/1"}],"replies":[{"embeddable":true,"href":"http:\/\/www.ardae.ro\/index.php?rest_route=%2Fwp%2Fv2%2Fcomments&post=1812"}],"version-history":[{"count":3,"href":"http:\/\/www.ardae.ro\/index.php?rest_route=\/wp\/v2\/posts\/1812\/revisions"}],"predecessor-version":[{"id":1816,"href":"http:\/\/www.ardae.ro\/index.php?rest_route=\/wp\/v2\/posts\/1812\/revisions\/1816"}],"wp:attachment":[{"href":"http:\/\/www.ardae.ro\/index.php?rest_route=%2Fwp%2Fv2%2Fmedia&parent=1812"}],"wp:term":[{"taxonomy":"category","embeddable":true,"href":"http:\/\/www.ardae.ro\/index.php?rest_route=%2Fwp%2Fv2%2Fcategories&post=1812"},{"taxonomy":"post_tag","embeddable":true,"href":"http:\/\/www.ardae.ro\/index.php?rest_route=%2Fwp%2Fv2%2Ftags&post=1812"}],"curies":[{"name":"wp","href":"https:\/\/api.w.org\/{rel}","templated":true}]}}