{"id":1808,"date":"2015-02-17T21:30:37","date_gmt":"2015-02-17T21:30:37","guid":{"rendered":"http:\/\/www.ardae.ro\/?p=1808"},"modified":"2015-02-17T21:30:39","modified_gmt":"2015-02-17T21:30:39","slug":"ardae-a-devenit-membru-al-platformei-agentiei-pentru-drepturi-fundamentale","status":"publish","type":"post","link":"http:\/\/www.ardae.ro\/?p=1808","title":{"rendered":"ARDAE a devenit membru al Platformei Agen\u0163iei pentru Drepturi Fundamentale"},"content":{"rendered":"<p><!--more--><\/p>\n<p>Asocia\u021bia rom\u00e2n\u0103 de drept \u015fi afaceri europene (ARDAE) a dat publicit\u0103\u021bii vineri, 30 ianuarie 2015, un\u00a0<a href=\"http:\/\/www.juridice.ro\/wp-content\/uploads\/2015\/02\/Comunicat-FRA-ARDAE-2015.docx\" target=\"_blank\">comunicat<\/a>\u00a0cu privire la dob\u00e2ndirea calit\u0103\u021bii de participant al Platformei Agen\u0163iei pentru Drepturi Fundamentale.<\/p>\n<p>Obiectivul Agen\u0163iei pentru Drepturi Fundamentale a Uniunii Europene (FRA) este de a oferi asisten\u0163\u0103 institu\u0163iilor \u015fi organismelor europene \u015fi statelor membre ale Uniunii Europene (UE) cu privire la drepturile fundamentale \u00een cadrul punerii \u00een aplicare a legisla\u0163iei unionale. Agen\u0163ia urm\u0103re\u015fte s\u0103 ofere sprijin institu\u0163iilor, organismelor \u015fi statelor membre \u00een vederea respect\u0103rii depline a acestor drepturi. Agen\u0163ia pentru Drepturi Fundamentale are sediul la Viena.<\/p>\n<p>Obiectivul ARDAE este de a \u00eent\u0103ri capacitatea proactiv\u0103 a institu\u0163iilor statului rom\u00e2n \u00een privin\u0163a propunerilor de reglement\u0103ri ale Uniunii Europene, diseminarea de informa\u0163ie juridic\u0103 privind dreptul Uniunii Europene, organizarea de evenimente \u015ftiin\u0163ifice, publicarea de reviste \u015fi volume, participarea la proiecte \u015fi colaborarea cu entit\u0103\u021bi publice \u015fi private din \u0163ar\u0103 \u015fi str\u0103in\u0103tate \u00een domeniul dreptului \u015fi afacerilor europene.<\/p>\n<div>ARDAE particip\u0103 la Platforma Agentiei pentru Drepturi Fundamentale prin accesul la informa\u0163ii privind activit\u0103\u0163ile \u015fi proiectele FRA, prezentarea de sugestii cu privire la Raportul Anual \u015fi a programului de lucru anual (Annual Work Programme), participarea \u00een calitate de persoana interesat\u0103 \u00een diferite etape ale elabor\u0103rii proiectelor de tematici, participarea la reuniunea anul\u0103 a Platformei FRA \u015fi la e-FRA \u2013 platforma on-line a asocia\u0163iilor non-guvernamentale din statele membre.<\/div>\n","protected":false},"excerpt":{"rendered":"","protected":false},"author":1,"featured_media":0,"comment_status":"closed","ping_status":"open","sticky":false,"template":"","format":"standard","meta":{"footnotes":""},"categories":[74],"tags":[],"class_list":["post-1808","post","type-post","status-publish","format-standard","hentry","category-parteneriate"],"_links":{"self":[{"href":"http:\/\/www.ardae.ro\/index.php?rest_route=\/wp\/v2\/posts\/1808"}],"collection":[{"href":"http:\/\/www.ardae.ro\/index.php?rest_route=\/wp\/v2\/posts"}],"about":[{"href":"http:\/\/www.ardae.ro\/index.php?rest_route=\/wp\/v2\/types\/post"}],"author":[{"embeddable":true,"href":"http:\/\/www.ardae.ro\/index.php?rest_route=\/wp\/v2\/users\/1"}],"replies":[{"embeddable":true,"href":"http:\/\/www.ardae.ro\/index.php?rest_route=%2Fwp%2Fv2%2Fcomments&post=1808"}],"version-history":[{"count":2,"href":"http:\/\/www.ardae.ro\/index.php?rest_route=\/wp\/v2\/posts\/1808\/revisions"}],"predecessor-version":[{"id":1810,"href":"http:\/\/www.ardae.ro\/index.php?rest_route=\/wp\/v2\/posts\/1808\/revisions\/1810"}],"wp:attachment":[{"href":"http:\/\/www.ardae.ro\/index.php?rest_route=%2Fwp%2Fv2%2Fmedia&parent=1808"}],"wp:term":[{"taxonomy":"category","embeddable":true,"href":"http:\/\/www.ardae.ro\/index.php?rest_route=%2Fwp%2Fv2%2Fcategories&post=1808"},{"taxonomy":"post_tag","embeddable":true,"href":"http:\/\/www.ardae.ro\/index.php?rest_route=%2Fwp%2Fv2%2Ftags&post=1808"}],"curies":[{"name":"wp","href":"https:\/\/api.w.org\/{rel}","templated":true}]}}