{"id":1791,"date":"2015-02-11T05:42:40","date_gmt":"2015-02-11T05:42:40","guid":{"rendered":"http:\/\/www.ardae.ro\/?p=1791"},"modified":"2015-02-11T05:42:40","modified_gmt":"2015-02-11T05:42:40","slug":"ardae-a-devenit-participant-al-retelei-eacea-agentia-executiva-pentru-educatie-audiovizual-si-cultura","status":"publish","type":"post","link":"http:\/\/www.ardae.ro\/?p=1791","title":{"rendered":"ARDAE a devenit participant al re\u021belei EACEA &#8211; Agen\u0163ia Executiv\u0103 pentru Educa\u0163ie, Audiovizual \u015fi Cultur\u0103"},"content":{"rendered":"<p><!--more--><\/p>\n<p>ARDAE este membru al re\u021belei\u00a0<a href=\"http:\/\/ec.europa.eu\/dgs\/education_culture\/index_en.htm\">EACEA \u2013 Agen\u021bia Executiv\u0103 pentru Educa\u021bie, Audiovizul \u0219i Cultur\u0103<\/a>\u00a0din februarie 2015. Re\u021beaua este \u00een coordonarea Directoratului Educa\u021bie \u0219i Cultur\u0103 din cadrul Comisiei Europene \u0219i al EACEA.<\/p>\n<p>Agen\u0163ia Executiv\u0103 pentru Educa\u0163ie, Audiovizual \u015fi Cultur\u0103 (EACEA), situat\u0103 la Bruxelles, \u015fi-a \u00eenceput activitatea la 1 ianuarie 2006. Misiunea sa este de a pune \u00een aplicare o serie de componente a peste 15 programe \u015fi ac\u0163iuni finan\u0163ate de Uniunea European\u0103 \u00een domeniile educa\u0163iei \u015fi form\u0103rii, al cet\u0103\u0163eniei active, al tineretului \u015fi al culturii. Reunirea acestor programe \u00eentr-o structur\u0103 unic\u0103 permite o mai bun\u0103 coordonare a gestion\u0103rii acestora \u015fi ofer\u0103 beneficiarilor lor un serviciu complet. De\u015fi agen\u0163ia are propria personalitate juridic\u0103, ea se afl\u0103 sub autoritatea a trei Direc\u0163ii Generale ale Comisiei Europene: Educa\u0163ie \u015fi Cultur\u0103 (EAC), Comunicare (COMM) \u015fi Oficiul de Cooperare EuropeAid, care r\u0103m\u00e2n responsabile de programarea, evaluarea \u015fi elaborarea politicilor.<\/p>\n<p>Obiectivul\u00a0<a href=\"http:\/\/www.ardae.ro\/\">ARDAE<\/a>\u00a0\u2013 Asocia\u0163ia rom\u00e2n\u0103 de drept \u015fi afaceri europene este de a \u00eent\u0103ri capacitatea proactiv\u0103 a institu\u0163iilor statului rom\u00e2n \u00een privin\u0163a propunerilor de reglement\u0103ri ale Uniunii Europene, diseminarea de informa\u0163ie juridic\u0103 privind dreptul Uniunii Europene, organizarea de evenimente \u015ftiin\u0163ifice, publicarea de reviste \u015fi volume, participarea la proiecte \u015fi colaborarea cu entit\u0103\u021bi publice \u015fi private din \u0163ar\u0103 \u015fi str\u0103in\u0103tate \u00een domeniul dreptului \u015fi afacerilor europene.<\/p>\n","protected":false},"excerpt":{"rendered":"","protected":false},"author":1,"featured_media":0,"comment_status":"closed","ping_status":"open","sticky":false,"template":"","format":"standard","meta":{"footnotes":""},"categories":[74],"tags":[],"class_list":["post-1791","post","type-post","status-publish","format-standard","hentry","category-parteneriate"],"_links":{"self":[{"href":"http:\/\/www.ardae.ro\/index.php?rest_route=\/wp\/v2\/posts\/1791"}],"collection":[{"href":"http:\/\/www.ardae.ro\/index.php?rest_route=\/wp\/v2\/posts"}],"about":[{"href":"http:\/\/www.ardae.ro\/index.php?rest_route=\/wp\/v2\/types\/post"}],"author":[{"embeddable":true,"href":"http:\/\/www.ardae.ro\/index.php?rest_route=\/wp\/v2\/users\/1"}],"replies":[{"embeddable":true,"href":"http:\/\/www.ardae.ro\/index.php?rest_route=%2Fwp%2Fv2%2Fcomments&post=1791"}],"version-history":[{"count":1,"href":"http:\/\/www.ardae.ro\/index.php?rest_route=\/wp\/v2\/posts\/1791\/revisions"}],"predecessor-version":[{"id":1792,"href":"http:\/\/www.ardae.ro\/index.php?rest_route=\/wp\/v2\/posts\/1791\/revisions\/1792"}],"wp:attachment":[{"href":"http:\/\/www.ardae.ro\/index.php?rest_route=%2Fwp%2Fv2%2Fmedia&parent=1791"}],"wp:term":[{"taxonomy":"category","embeddable":true,"href":"http:\/\/www.ardae.ro\/index.php?rest_route=%2Fwp%2Fv2%2Fcategories&post=1791"},{"taxonomy":"post_tag","embeddable":true,"href":"http:\/\/www.ardae.ro\/index.php?rest_route=%2Fwp%2Fv2%2Ftags&post=1791"}],"curies":[{"name":"wp","href":"https:\/\/api.w.org\/{rel}","templated":true}]}}