{"id":1782,"date":"2015-02-10T05:29:08","date_gmt":"2015-02-10T05:29:08","guid":{"rendered":"http:\/\/www.ardae.ro\/?p=1782"},"modified":"2015-02-11T05:41:08","modified_gmt":"2015-02-11T05:41:08","slug":"ardae-a-incheiat-un-protocol-de-colaborare-cu-legalitc-asociatia-internationala-pentru-drept-cultura-si-societate-informationala","status":"publish","type":"post","link":"http:\/\/www.ardae.ro\/?p=1782","title":{"rendered":"ARDAE a \u00eencheiat un protocol de colaborare cu LegaLITC \u2013 Asocia\u0163ia Interna\u0163ional\u0103 pentru Drept, Cultur\u0103 \u015fi Societate Informa\u0163ional\u0103"},"content":{"rendered":"<p><!--more--><\/p>\n<p><strong>ARDAE a \u00eencheiat un protocol de colaborare cu LegaLITC \u2013 Asocia\u0163ia Interna\u0163ional\u0103 pentru Drept, Cultur\u0103 \u015fi Societate Informa\u0163ional\u0103<\/strong><\/p>\n<p>ARDAE \u2013 Asocia\u0163ia rom\u00e2n\u0103 de drept \u015fi afaceri europene a \u00eencheiet un protocol de colaborare cu LegaLITC \u2013 Asocia\u0163ia Interna\u0163ional\u0103 pentru Drept, Cultur\u0103 \u015fi Societate Informa\u0163ional\u0103 prin care cele dou\u0103 entit\u0103\u0163i \u00ee\u015fi asigur\u0103 sprijinul reciproc \u00een realizarea obiectvelor stabilite de fiecare, \u00een domeniile comune \u015fi de interes.<\/p>\n<p><a href=\"http:\/\/legalitc.com\/\">LegaLITC<\/a>\u00a0\u2013 Asocia\u0163ia Interna\u0163ional\u0103 pentru Drept, Cultur\u0103 \u015fi Societate Informa\u0163ional\u0103 are ca scop promovarea: profesiilor din domeniul dreptului informa\u0163ional, culturii informa\u0163ionale \u015fi societ\u0103\u0163ii informa\u0163ionale; principiul transparen\u0163ei, nediscrimin\u0103rii, integrit\u0103\u0163ii, liberei concuren\u0163e, tratamentului egal, eficientei utiliz\u0103rii fondurilor publice, al recunoa\u015fterii reciproce \u015fi al proportionalit\u0103\u0163ii \u00een domeniile dreptului, culturii \u015fi societ\u0103\u0163ii informa\u0163ionale; profesionalismul \u00een domeniile dreptului, culturii \u015fi societ\u0103\u0163ii informa\u0163ionale; elabor\u0103rii de propuneri de modific\u0103ri legislative cu impact asupra dreptului, culturii \u015fi societ\u0103\u0163ii informa\u0163ionale; crearea \u015fi sus\u0163inerea grupurilor de cercetare \u00een domeniile specifice asocia\u0163iei; studierea impactului noilor tehnologii asupra dreptului dar \u015fi protejarea intereselor consumatorului \u00een era informa\u0163ional\u0103.<\/p>\n<p>Obiectivul\u00a0<a href=\"http:\/\/www.ardae.ro\/\">ARDAE<\/a>\u00a0\u2013 Asocia\u0163ia rom\u00e2n\u0103 de drept \u015fi afaceri europene este de a \u00eent\u0103ri capacitatea proactiv\u0103 a institu\u0163iilor statului rom\u00e2n \u00een privin\u0163a propunerilor de reglement\u0103ri ale Uniunii Europene, diseminarea de informa\u0163ie juridic\u0103 privind dreptul Uniunii Europene, organizarea de evenimente \u015ftiin\u0163ifice, publicarea de reviste \u015fi volume, participarea la proiecte \u015fi colaborarea cu entit\u0103\u021bi publice \u015fi private din \u0163ar\u0103 \u015fi str\u0103in\u0103tate \u00een domeniul dreptului \u015fi afacerilor europene.<\/p>\n<p>Bucure\u015fti,<\/p>\n<p>3 februarie 2015<\/p>\n<p><a href=\"http:\/\/www.juridice.ro\/360224\/ardae-a-incheiat-un-protocol-de-colaborare-cu-legalitc-asociatia-internationala-pentru-drept-cultura-si-societate-informationala.html\" target=\"_blank\">JURIDICE.ro<\/a>\u00a0<a href=\"https:\/\/eubusinesslaw.wordpress.com\/2015\/02\/10\/ardae-a-incheiat-un-protocol-de-colaborare-cu-legalitc-asociatia-internationala-pentru-drept-cultura-si-societate-informationala\/\" target=\"_blank\">Afaceri juridice eruopene. Blog<\/a><\/p>\n","protected":false},"excerpt":{"rendered":"","protected":false},"author":1,"featured_media":0,"comment_status":"closed","ping_status":"open","sticky":false,"template":"","format":"standard","meta":{"footnotes":""},"categories":[74],"tags":[],"class_list":["post-1782","post","type-post","status-publish","format-standard","hentry","category-parteneriate"],"_links":{"self":[{"href":"http:\/\/www.ardae.ro\/index.php?rest_route=\/wp\/v2\/posts\/1782"}],"collection":[{"href":"http:\/\/www.ardae.ro\/index.php?rest_route=\/wp\/v2\/posts"}],"about":[{"href":"http:\/\/www.ardae.ro\/index.php?rest_route=\/wp\/v2\/types\/post"}],"author":[{"embeddable":true,"href":"http:\/\/www.ardae.ro\/index.php?rest_route=\/wp\/v2\/users\/1"}],"replies":[{"embeddable":true,"href":"http:\/\/www.ardae.ro\/index.php?rest_route=%2Fwp%2Fv2%2Fcomments&post=1782"}],"version-history":[{"count":4,"href":"http:\/\/www.ardae.ro\/index.php?rest_route=\/wp\/v2\/posts\/1782\/revisions"}],"predecessor-version":[{"id":1789,"href":"http:\/\/www.ardae.ro\/index.php?rest_route=\/wp\/v2\/posts\/1782\/revisions\/1789"}],"wp:attachment":[{"href":"http:\/\/www.ardae.ro\/index.php?rest_route=%2Fwp%2Fv2%2Fmedia&parent=1782"}],"wp:term":[{"taxonomy":"category","embeddable":true,"href":"http:\/\/www.ardae.ro\/index.php?rest_route=%2Fwp%2Fv2%2Fcategories&post=1782"},{"taxonomy":"post_tag","embeddable":true,"href":"http:\/\/www.ardae.ro\/index.php?rest_route=%2Fwp%2Fv2%2Ftags&post=1782"}],"curies":[{"name":"wp","href":"https:\/\/api.w.org\/{rel}","templated":true}]}}