{"id":1764,"date":"2015-02-06T12:49:43","date_gmt":"2015-02-06T12:49:43","guid":{"rendered":"http:\/\/www.ardae.ro\/?p=1764"},"modified":"2015-02-11T19:28:54","modified_gmt":"2015-02-11T19:28:54","slug":"conferinta-dreptul-societar-in-romania-si-uniunea-europeana-editia-a-v-a-8-octombrie-2015","status":"publish","type":"post","link":"http:\/\/www.ardae.ro\/?p=1764","title":{"rendered":"Call for papers: Dreptul societar in Romania si Uniunea Europeana, editia a V-a, 8 octombrie 2015"},"content":{"rendered":"<p><!--more--><\/p>\n<p align=\"center\"><strong>Conferinta<\/strong><\/p>\n<p align=\"center\"><strong>Dreptul societar \u00een Romania si Uniunea Europeana,<\/strong><\/p>\n<p align=\"center\"><strong>editia a V-a, 8 octombrie 2015<\/strong><\/p>\n<p><a href=\"http:\/\/www.wolterskluwer.ro\/revista-romana-de-drept-al-afacerilor\/\" target=\"_blank\"><img loading=\"lazy\" decoding=\"async\" class=\"alignleft size-medium wp-image-1291\" alt=\"RRDA 2015\" src=\"http:\/\/www.ardae.ro\/wp-content\/uploads\/RRDA-2015-210x300.png\" width=\"210\" height=\"300\" srcset=\"http:\/\/www.ardae.ro\/wp-content\/uploads\/RRDA-2015-210x300.png 210w, http:\/\/www.ardae.ro\/wp-content\/uploads\/RRDA-2015.png 600w\" sizes=\"(max-width: 210px) 100vw, 210px\" \/><\/a>Conferin\u0163a este organizat\u0103 de\u00a0<strong>Institutul de Cercetari Juridice \u201cAcad. Andrei R\u0103dulescu\u201d<\/strong>\u00a0al Academiei Rom\u00e2ne \u2013\u00a0<strong>CSDE \u2013 Centrul de Studii de Drept European<\/strong><strong>\u00a0<\/strong>si\u00a0<a href=\"http:\/\/www.ardae.ro\/\" target=\"_blank\">ARDAE \u2013 Asociatia romana de drept si afaceri europene<\/a><\/p>\n<p><strong>Materialele conferintei vor fi publicate intr-un dosar special\u00a0<a href=\"http:\/\/www.wolterskluwer.ro\/revista-romana-de-drept-al-afacerilor\/\" target=\"_blank\">RRDA \u2013 Revista romana de dreptul afacerilor<\/a>, revista editata de Wolters Kluwer.<\/strong><\/p>\n<p>Conferin\u021ba se dore\u0219te a fi un forum de analiz\u0103 a normelor juridice aplicabile \u00een dreptul societar din Romania, \u00een dreptul comparat \u015fi \u00een Uniunea European\u0103 relief\u00e2nd impactul modific\u0103rilor propunerilor \u015fi modificarilor recente. \u00cen cadrul conferin\u021bei participan\u021bii vor putea interac\u021biona pe tema conferin\u021bei ridic\u00e2nd probleme practice.<\/p>\n<p>Lucr\u0103rile \u00eenscrise p\u00e2n\u0103 \u00een data de 1 septembrie 2015 \u0219i acceptate de comitetul \u0219tiin\u021bific p\u00e2n\u0103 \u00een data de 15 septembrie 2015 vor fi publicate \u00een <em>Revista romana de dreptul afacerilor<\/em>.<\/p>\n<p>Lucr\u0103rile in extenso vor fi trimise \u00een format electronic pe adresa de e-mail a conferin\u021bei, p\u00e2n\u0103 la data de 20 septembrie 2015. Lucrarea trebuie s\u0103 fie conceput\u0103 \u00eentr-o form\u0103 original\u0103, s\u0103 nu fi fost publicat\u0103 sau prezentat\u0103 anterior la alte evenimente \u015fi s\u0103 respecte integral condi\u0163iile de form\u0103 solicitate.<\/p>\n<p><strong>Consiliul \u015ftiin\u0163ific \u015fi organizatoric al conferin\u0163ei:<\/strong><br \/>\nProf. univ. dr. Gheorghe Piperea, Universitatea din Bucure\u015fti<br \/>\nProf. univ. dr. Lucian Bercea, Universitatea de Vest Timi\u015foara<br \/>\nProf. univ. dr. Radu Catan\u0103, Universitatea Babe\u015f-Bolyai, Cluj-Napoca<br \/>\nLector univ. dr. Manole Ciprian Popa, Universitatea din Bucure\u015fti<\/p>\n<p>Conf. univ. dr. Lumini\u021ba Tulea\u0219c\u0103<br \/>\nProf. univ. dr. Mihai \u015eandru, coordonator CSDE<br \/>\nDr. Andrei Savescu<\/p>\n<p><strong>V\u0103 mul\u0163umim pentru retrimiterea acestei invita\u0163ii c\u0103tre toate persoanele interesate. E-mail\u00a0<\/strong><a href=\"mailto:ardae2007@gmail.com\">ardae2007@gmail.com<\/a><\/p>\n<p><strong>Parteneri<\/strong><br \/>\n<a href=\"http:\/\/www.ssj.ro\/\" target=\"_blank\">Societatea de Stiinte Juridice<\/a><br \/>\n<a href=\"http:\/\/www.wolterskluwer.ro\/revista-romana-de-drept-european\/\" target=\"_blank\">Revista rom\u00e2n\u0103 de drept european<\/a><br \/>\n<a href=\"http:\/\/www.wolterskluwer.ro\/revista-romana-de-drept-al-afacerilor\/\" target=\"_blank\">Revista\u00a0rom\u00e2n\u0103 de dreptul afacerilor<\/a><br \/>\n<a href=\"http:\/\/www.wolterskluwer.ro\/\" target=\"_blank\">Editura Wolters Kluwer<\/a><br \/>\n<a href=\"http:\/\/www.hotararicedo.ro\/\" target=\"_blank\">JurisclasorCEDO<\/a><br \/>\n<a href=\"http:\/\/www.forumuljudecatorilor.ro\/\" target=\"_blank\">Revista Forumul Judec\u0103torilor<\/a><br \/>\n<a href=\"http:\/\/www.editurauniversitara.ro\/\" target=\"_blank\">Editura Universitar\u0103<\/a><br \/>\n<a href=\"http:\/\/www.beck.ro\/\" target=\"_blank\">Editura C. H. Beck<\/a><br \/>\n<a href=\"http:\/\/aexa.eu\/\" target=\"_blank\">AEXA \u2013 Asociatia expertilor in achizitii<\/a><\/p>\n<p><a href=\"http:\/\/www.ardae.ro\/?p=371\" target=\"_blank\">Editia I \u2013 20 noiembrie 2011<\/a><\/p>\n<p><a href=\"http:\/\/www.csde.ro\/?p=1592\" target=\"_blank\">Editia a II-a \u2013 27 noiembrie 2012<\/a><\/p>\n<p><a href=\"http:\/\/www.csde.ro\/?p=2320\" target=\"_blank\">Editia a III-a \u2013 20 noiembrie 2013<\/a><\/p>\n<p><a href=\"http:\/\/www.ardae.ro\/?p=1232\">Editia a IV-a &#8211; 4 decembrie 2014<\/a><\/p>\n<p>vom reveni cu detalii<\/p>\n","protected":false},"excerpt":{"rendered":"","protected":false},"author":1,"featured_media":0,"comment_status":"closed","ping_status":"open","sticky":false,"template":"","format":"standard","meta":{"footnotes":""},"categories":[48],"tags":[],"class_list":["post-1764","post","type-post","status-publish","format-standard","hentry","category-evenimente"],"_links":{"self":[{"href":"http:\/\/www.ardae.ro\/index.php?rest_route=\/wp\/v2\/posts\/1764"}],"collection":[{"href":"http:\/\/www.ardae.ro\/index.php?rest_route=\/wp\/v2\/posts"}],"about":[{"href":"http:\/\/www.ardae.ro\/index.php?rest_route=\/wp\/v2\/types\/post"}],"author":[{"embeddable":true,"href":"http:\/\/www.ardae.ro\/index.php?rest_route=\/wp\/v2\/users\/1"}],"replies":[{"embeddable":true,"href":"http:\/\/www.ardae.ro\/index.php?rest_route=%2Fwp%2Fv2%2Fcomments&post=1764"}],"version-history":[{"count":16,"href":"http:\/\/www.ardae.ro\/index.php?rest_route=\/wp\/v2\/posts\/1764\/revisions"}],"predecessor-version":[{"id":1769,"href":"http:\/\/www.ardae.ro\/index.php?rest_route=\/wp\/v2\/posts\/1764\/revisions\/1769"}],"wp:attachment":[{"href":"http:\/\/www.ardae.ro\/index.php?rest_route=%2Fwp%2Fv2%2Fmedia&parent=1764"}],"wp:term":[{"taxonomy":"category","embeddable":true,"href":"http:\/\/www.ardae.ro\/index.php?rest_route=%2Fwp%2Fv2%2Fcategories&post=1764"},{"taxonomy":"post_tag","embeddable":true,"href":"http:\/\/www.ardae.ro\/index.php?rest_route=%2Fwp%2Fv2%2Ftags&post=1764"}],"curies":[{"name":"wp","href":"https:\/\/api.w.org\/{rel}","templated":true}]}}