{"id":1734,"date":"2015-01-28T15:49:09","date_gmt":"2015-01-28T15:49:09","guid":{"rendered":"http:\/\/www.ardae.ro\/?p=1734"},"modified":"2015-01-28T21:42:51","modified_gmt":"2015-01-28T21:42:51","slug":"ardae-este-prezent-la-simpozionul-ziua-europeana-a-protectiei-datelor-reforma-cadrului-normativ-al-protectiei-datelor-personale-la-nivel-european-28-01-2015","status":"publish","type":"post","link":"http:\/\/www.ardae.ro\/?p=1734","title":{"rendered":"ARDAE este prezent la Simpozionul Ziua European\u0103 a Protec\u0163iei Datelor \u2013 reforma cadrului normativ al protec\u0163iei datelor personale la nivel european\u201d, 28.01.2015"},"content":{"rendered":"<p><!--more--><\/p>\n<p>\u00cen cadrul protocolului incheiat intre\u00a0Autoritatea Na\u0163ional\u0103 de Supraveghere a Prelucr\u0103rii Datelor cu Caracter Personal \u00a0si ARDAE &#8211; Asociatia romana de drept si afaceri europene, Presedintele ARDAE, prof. univ.dr. Mihai Sandru a participat la\u00a0Simpozionul \u201eZiua European\u0103 a Protec\u0163iei Datelor \u2013 reforma cadrului normativ al protec\u0163iei datelor personale la nivel european\u201d, organizat\u0103 de Autoritatea Na\u0163ional\u0103 de Supraveghere a Datelor cu Caracter Personal la Palatul Parlamentului.<\/p>\n<p><strong>ZIUA EUROPEAN\u0102 A PROTEC\u0162IEI DATELOR<\/strong><\/p>\n<p><strong>28 Ianuarie 2015<\/strong><\/p>\n<p>&nbsp;<\/p>\n<p>Celebrat\u0103 pe data de 28 ianuarie 2015 de c\u0103tre toate statele membre ale Consiliului Europei, Ziua European\u0103 a Protec\u0163iei Datelor marcheaz\u0103 aniversarea a 34 de ani de la adoptarea, la Strasbourg, a Conven\u0163iei 108 pentru protec\u0163ia persoanelor referitor la prelucrarea automatizat\u0103 a datelor cu caracter personal.<\/p>\n<p>Scopul s\u0103rb\u0103toririi acestei zi este reprezentat de optimizarea gradului de con\u015ftientizare la nivel european cu privire la importan\u0163a regulilor de protec\u0163iei a datelor cu caracter personal \u015fi a respect\u0103rii drepturilor persoanele fizice.<\/p>\n<p>Cu aceast\u0103 ocazie, autorit\u0103\u0163ile na\u0163ionale independente de protec\u0163ia datelor din statele europene organizeaz\u0103 diverse evenimente specifice.<\/p>\n<p>\u00cen cinstea Zilei Europene a Protec\u0163iei Datelor, Autoritatea Na\u0163ional\u0103 de Supraveghere a Prelucr\u0103rii Datelor cu Caracter Personal va organiza Simpozionul cu tema \u201eZiua European\u0103 a Protec\u0163iei Datelor &#8211; reforma cadrului normativ al protec\u0163iei datelor personale la nivel european\u201d, la Palatul Parlamentului, sala &#8220;Avram Iancu&#8221;, pe data de 28 ianuarie 2015, \u00eencep\u00e2nd cu orele 11,00.<\/p>\n<p>Materialele informative dedicate Zilei Europene a Protec\u0163iei Datelor sunt disponibile la adresa\u00a0<a href=\"http:\/\/www.dataprotection.ro\/?page=Materiale_informative&amp;lang=ro\">www.dataprotection.ro\/informatii<\/a>generale\/informatii de interes public\/materiale informative.<\/p>\n<p>Accesul mass-media se va face pe baza acredit\u0103rilor deja existente la nivelul Palatului Parlamentului.<\/p>\n<p style=\"text-align: right;\"><a href=\"http:\/\/www.dataprotection.ro\/?page=Ziua%20europeana%20a%20Protectiei%20Datelor&amp;lang=ro\" target=\"_blank\">Biroul juridic \u015fi comunicare\u00a0ANSPDCP<\/a><\/p>\n<p style=\"text-align: right;\"><a href=\"http:\/\/www.dataprotection.ro\/?page=Ziua%20europeana%20a%20Protectiei%20Datelor&amp;lang=ro\" target=\"_blank\">26.01.2015<\/a><\/p>\n<p>&nbsp;<\/p>\n<p><b>***Note ale alocu\u0163iunii<\/b>\u00a0din 28 ianuarie 2015\u00a0 prezentat\u0103 la Simpozionul \u201eZiua European\u0103 a Protec\u0163iei Datelor \u2013 reforma cadrului normativ al protec\u0163iei datelor personale la nivel european\u201d, organizat\u0103 de Autoritatea Na\u0163ional\u0103 de Supraveghere a Datelor cu Caracter Personal la Palatul Parlamentului, Bucure\u015fti.\u00a0 Articolul prezentat de prof. univ. dr. Mihai \u0218andru,\u00a0<i>Regimul juridic al protec\u0163iei datelor cu caracter personal este \u00een proces de reg\u00e2ndire<\/i>\u00a0este \u00een curs de apari\u0163ie \u00een Revista rom\u00e2n\u0103 de dreptul afacerilor (RRDA). <a href=\"http:\/\/iaduer.ro\/?p=2951\" target=\"_blank\">Mul\u0163umim, Afaceri juridice europene, 1\/2015<\/a>.<\/p>\n","protected":false},"excerpt":{"rendered":"","protected":false},"author":1,"featured_media":0,"comment_status":"closed","ping_status":"open","sticky":false,"template":"","format":"standard","meta":{"footnotes":""},"categories":[48,74],"tags":[],"class_list":["post-1734","post","type-post","status-publish","format-standard","hentry","category-evenimente","category-parteneriate"],"_links":{"self":[{"href":"http:\/\/www.ardae.ro\/index.php?rest_route=\/wp\/v2\/posts\/1734"}],"collection":[{"href":"http:\/\/www.ardae.ro\/index.php?rest_route=\/wp\/v2\/posts"}],"about":[{"href":"http:\/\/www.ardae.ro\/index.php?rest_route=\/wp\/v2\/types\/post"}],"author":[{"embeddable":true,"href":"http:\/\/www.ardae.ro\/index.php?rest_route=\/wp\/v2\/users\/1"}],"replies":[{"embeddable":true,"href":"http:\/\/www.ardae.ro\/index.php?rest_route=%2Fwp%2Fv2%2Fcomments&post=1734"}],"version-history":[{"count":2,"href":"http:\/\/www.ardae.ro\/index.php?rest_route=\/wp\/v2\/posts\/1734\/revisions"}],"predecessor-version":[{"id":1736,"href":"http:\/\/www.ardae.ro\/index.php?rest_route=\/wp\/v2\/posts\/1734\/revisions\/1736"}],"wp:attachment":[{"href":"http:\/\/www.ardae.ro\/index.php?rest_route=%2Fwp%2Fv2%2Fmedia&parent=1734"}],"wp:term":[{"taxonomy":"category","embeddable":true,"href":"http:\/\/www.ardae.ro\/index.php?rest_route=%2Fwp%2Fv2%2Fcategories&post=1734"},{"taxonomy":"post_tag","embeddable":true,"href":"http:\/\/www.ardae.ro\/index.php?rest_route=%2Fwp%2Fv2%2Ftags&post=1734"}],"curies":[{"name":"wp","href":"https:\/\/api.w.org\/{rel}","templated":true}]}}