{"id":1721,"date":"2015-01-19T15:42:31","date_gmt":"2015-01-19T15:42:31","guid":{"rendered":"http:\/\/www.ardae.ro\/?p=1721"},"modified":"2015-01-19T15:42:31","modified_gmt":"2015-01-19T15:42:31","slug":"adnana-popescu","status":"publish","type":"post","link":"http:\/\/www.ardae.ro\/?p=1721","title":{"rendered":"Adnana Popescu"},"content":{"rendered":"<p><!--more--><\/p>\n<p><a href=\"http:\/\/www.ardae.ro\/wp-content\/uploads\/Popescu-Adnana.jpg\"><img loading=\"lazy\" decoding=\"async\" class=\"alignleft size-thumbnail wp-image-1722\" alt=\"Popescu Adnana\" src=\"http:\/\/www.ardae.ro\/wp-content\/uploads\/Popescu-Adnana-150x150.jpg\" width=\"150\" height=\"150\" \/><\/a>POPESCU Adnana<\/p>\n<p>Traduc\u0103tor \u0219i Interpret autorizat de Ministerul Justi\u0163iei din Rom\u00e2nia. Student\u0103 \u00een al doilea an de Masterat (Parcours international d\u2019\u00c9tudes Fran\u00e7aises) la Universit\u00e9 Lumi\u00e8re Lyon 2 din Lyon, Fran\u0163a. Membru al juriului studen\u0163ilor pentru decernarea Premiului Goncourt pentru literatur\u0103. Absolvent\u0103 a Facult\u0103\u0163ii de Litere de la Universitatea din Bucure\u0219ti \u2013 \u0219ef de promo\u0163ie &#8211; \u0219i beneficiar\u0103 a unei burse de studii ERASMUS la Universit\u00e9 Lumi\u00e8re Lyon 2 (2011\/2012). Student\u0103 colaboratoare a grupului de lectur\u0103 \u00ab\u00a0Intertext\u00a0\u00bb al Muzeului Literaturii Rom\u00e2ne din Bucure\u0219ti. Autoare a numeroase articole \u0219i studii critice publicate \u00een ziare \u0219i reviste de specialitate at\u00e2t \u00een \u0163ar\u0103, c\u00e2t \u0219i \u00een str\u0103in\u0103tate.\u00a0Voluntar (Manager HR) al organizatiei pentru studenti AIESEC Lyon.<\/p>\n<p><a href=\"http:\/\/www.ardae.ro\/?p=436\" target=\"_blank\">Lista membrilor aderenti ARDAE<\/a>.<\/p>\n<p><a href=\"http:\/\/www.ardae.ro\/?p=1715\" target=\"_blank\">Lista voluntari si stagiari ARDAE<\/a><\/p>\n","protected":false},"excerpt":{"rendered":"","protected":false},"author":1,"featured_media":0,"comment_status":"closed","ping_status":"open","sticky":false,"template":"","format":"standard","meta":{"footnotes":""},"categories":[76],"tags":[],"class_list":["post-1721","post","type-post","status-publish","format-standard","hentry","category-volunariat-si-stagiari"],"_links":{"self":[{"href":"http:\/\/www.ardae.ro\/index.php?rest_route=\/wp\/v2\/posts\/1721"}],"collection":[{"href":"http:\/\/www.ardae.ro\/index.php?rest_route=\/wp\/v2\/posts"}],"about":[{"href":"http:\/\/www.ardae.ro\/index.php?rest_route=\/wp\/v2\/types\/post"}],"author":[{"embeddable":true,"href":"http:\/\/www.ardae.ro\/index.php?rest_route=\/wp\/v2\/users\/1"}],"replies":[{"embeddable":true,"href":"http:\/\/www.ardae.ro\/index.php?rest_route=%2Fwp%2Fv2%2Fcomments&post=1721"}],"version-history":[{"count":1,"href":"http:\/\/www.ardae.ro\/index.php?rest_route=\/wp\/v2\/posts\/1721\/revisions"}],"predecessor-version":[{"id":1723,"href":"http:\/\/www.ardae.ro\/index.php?rest_route=\/wp\/v2\/posts\/1721\/revisions\/1723"}],"wp:attachment":[{"href":"http:\/\/www.ardae.ro\/index.php?rest_route=%2Fwp%2Fv2%2Fmedia&parent=1721"}],"wp:term":[{"taxonomy":"category","embeddable":true,"href":"http:\/\/www.ardae.ro\/index.php?rest_route=%2Fwp%2Fv2%2Fcategories&post=1721"},{"taxonomy":"post_tag","embeddable":true,"href":"http:\/\/www.ardae.ro\/index.php?rest_route=%2Fwp%2Fv2%2Ftags&post=1721"}],"curies":[{"name":"wp","href":"https:\/\/api.w.org\/{rel}","templated":true}]}}