{"id":172,"date":"2013-01-13T08:05:50","date_gmt":"2013-01-13T08:05:50","guid":{"rendered":"http:\/\/www.ardae.ro\/?p=172"},"modified":"2017-08-31T19:16:52","modified_gmt":"2017-08-31T19:16:52","slug":"mihaela-vrabie","status":"publish","type":"post","link":"http:\/\/www.ardae.ro\/?p=172","title":{"rendered":"Mihaela VRABIE"},"content":{"rendered":"<p style=\"text-align: justify;\"><strong>Mihaela Vrabie<\/strong> este avocat definitiv, membru al Baroului Bucuresti si al Uniunii Nationale a Barourilor din Romania. A absolvit cursurile de master \u00een domeniul \u201ePolitici publice \u015fi integrare european\u0103\u201d din cadrul Scolii Na\u0163ionale de Studii Politice \u015fi Administrative, Bucure\u015fti. In prezent, este doctorand in cadrul Facultatii de Drept, Universitatea din Bucuresti, in domeniul dreptului Uniunii Europene, pregatind o teza de doctorat avand ca tema \u201eCarta drepturilor fundamentale a Uniunii Europene dupa Tratatul de la Lisabona\u201d.<\/p>\n<p style=\"text-align: justify;\">Aria de expertiza este reprezentata de consultanta \u015fi reprezentare juridica \u00een domeniul dreptului civil, dreptului societ\u0103\u0163ilor comerciale, dreptului muncii, dreptului Uniunii Europene, procedurilor de insolven\u0163\u0103 si contenciosului administrativ.<\/p>\n<p style=\"text-align: justify;\"><a href=\"http:\/\/editurauniversuljuridic.ro\/carte\/protectia-juridica-a-cartei-drepturilor-fundamentale-a-uniunii-europene\" target=\"_blank\">Mihaela Vrabie, Protectia juridica a Cartei drepturilor fundamentale a Uniunii Europene, Ed. Universul Juridic, 2017<\/a><\/p>\n<p style=\"text-align: justify;\">Membru aderent al ARDAE &#8211; Asociatia rom\u00e2n\u0103 de drept \u015fi afaceri europene.<\/p>\n<p style=\"text-align: justify;\">A participat, ca raportor, la dezbaterea\u00a0<a href=\"http:\/\/www.ardae.ro\/?p=143\"><em>Cine protejeaz\u0103 drepturile omului \u00een Europa? Proiectul revizuit de aderare a Uniunii Europene la Conven\u0163ia \u015fi raportul explicativ al Acordului de Aderare \u2013 pretext pentru dezbatere<\/em><\/a>, Bucuresti, 13 iunie 2013, ora 12, Academia Rom\u00e2n\u0103.<\/p>\n<p style=\"text-align: justify;\">\n<p style=\"text-align: justify;\">***<\/p>\n<p><strong><a href=\"http:\/\/www.ardae.ro\/?p=47\" target=\"_blank\">Dobandirea calitatii de membru aderent<\/a><\/strong><\/p>\n<p><a href=\"http:\/\/www.ardae.ro\/?p=436\" target=\"_blank\"><strong>Lista membri aderenti ARDAE \u2013 Asociatia romana de drept si afaceri europene<\/strong><\/a><\/p>\n<p><strong>Revista ARDAE<\/strong>\u00a0\u2013\u00a0<a href=\"http:\/\/iaduer.ro\/\"><em>Afaceri juridice europene<\/em><\/a><a href=\"http:\/\/iaduer.ro\/?p=1285\" target=\"_blank\"><br \/>\n<\/a><\/p>\n<p><strong>PROIECTUL IADUER<\/strong>\u00a0\u2013 interpretarea si aplicarea dreptului Uniunii Europene in Romania \u2013\u00a0<a href=\"http:\/\/iaduer.ro\/?p=162\" target=\"_blank\">Lista trimiterilor preliminare din Romania, inregistrate la CJUE<\/a><\/p>\n<p><a href=\"http:\/\/www.csde.ro\/?page_id=2038\" target=\"_blank\">Dialog &amp; forum Drept si afaceri europene in Romania<\/a><\/p>\n<p><a href=\"https:\/\/eubusinesslaw.wordpress.com\/evenimente-drept-european-ardae\/\" target=\"_blank\"><strong>Evenimente drept european \u2013 ARDAE \u2013 Asociatia romana de drept si afaceri europene<\/strong><\/a><\/p>\n","protected":false},"excerpt":{"rendered":"<p>Mihaela Vrabie este avocat definitiv, membru al Baroului Bucuresti si al Uniunii Nationale a Barourilor din Romania. A absolvit cursurile de master \u00een domeniul \u201ePolitici publice \u015fi integrare european\u0103\u201d din cadrul Scolii Na\u0163ionale de Studii Politice \u015fi Administrative, Bucure\u015fti. In prezent, este doctorand in cadrul Facultatii de Drept, Universitatea din Bucuresti, in domeniul dreptului Uniunii [&hellip;]<\/p>\n","protected":false},"author":1,"featured_media":0,"comment_status":"open","ping_status":"open","sticky":false,"template":"","format":"standard","meta":{"footnotes":""},"categories":[10],"tags":[54],"class_list":["post-172","post","type-post","status-publish","format-standard","hentry","category-membri-aderenti","tag-mihaela-vrabie"],"_links":{"self":[{"href":"http:\/\/www.ardae.ro\/index.php?rest_route=\/wp\/v2\/posts\/172"}],"collection":[{"href":"http:\/\/www.ardae.ro\/index.php?rest_route=\/wp\/v2\/posts"}],"about":[{"href":"http:\/\/www.ardae.ro\/index.php?rest_route=\/wp\/v2\/types\/post"}],"author":[{"embeddable":true,"href":"http:\/\/www.ardae.ro\/index.php?rest_route=\/wp\/v2\/users\/1"}],"replies":[{"embeddable":true,"href":"http:\/\/www.ardae.ro\/index.php?rest_route=%2Fwp%2Fv2%2Fcomments&post=172"}],"version-history":[{"count":6,"href":"http:\/\/www.ardae.ro\/index.php?rest_route=\/wp\/v2\/posts\/172\/revisions"}],"predecessor-version":[{"id":3357,"href":"http:\/\/www.ardae.ro\/index.php?rest_route=\/wp\/v2\/posts\/172\/revisions\/3357"}],"wp:attachment":[{"href":"http:\/\/www.ardae.ro\/index.php?rest_route=%2Fwp%2Fv2%2Fmedia&parent=172"}],"wp:term":[{"taxonomy":"category","embeddable":true,"href":"http:\/\/www.ardae.ro\/index.php?rest_route=%2Fwp%2Fv2%2Fcategories&post=172"},{"taxonomy":"post_tag","embeddable":true,"href":"http:\/\/www.ardae.ro\/index.php?rest_route=%2Fwp%2Fv2%2Ftags&post=172"}],"curies":[{"name":"wp","href":"https:\/\/api.w.org\/{rel}","templated":true}]}}