{"id":1705,"date":"2015-01-15T12:24:24","date_gmt":"2015-01-15T12:24:24","guid":{"rendered":"http:\/\/www.ardae.ro\/?p=1705"},"modified":"2015-01-15T12:26:22","modified_gmt":"2015-01-15T12:26:22","slug":"gina-ignat","status":"publish","type":"post","link":"http:\/\/www.ardae.ro\/?p=1705","title":{"rendered":"Gina Ignat"},"content":{"rendered":"<p><!--more--><\/p>\n<p><b>Gina Ignat<\/b>,<\/p>\n<p>&#8211;\u00a0\u00a0\u00a0\u00a0\u00a0\u00a0\u00a0\u00a0 judec\u0103tor la Curtea de Apel Gala\u0163i, sec\u0163ia de contencios administrativ \u015fi fiscal,<\/p>\n<p>&#8211;\u00a0\u00a0\u00a0\u00a0\u00a0\u00a0\u00a0\u00a0 asistent univ. drd., Univ. \u201eDun\u0103rea de Jos\u201d Gala\u0163i, Facultatea de \u015etiin\u0163e juridice, Sociale \u015fi Politice, Departamentul de Drept,<\/p>\n<p>&#8211;\u00a0\u00a0\u00a0\u00a0\u00a0\u00a0\u00a0\u00a0 formator al \u015ecolii Na\u0163ionale de Grefieri,<\/p>\n<p>&#8211;\u00a0\u00a0\u00a0\u00a0\u00a0\u00a0\u00a0\u00a0 licen\u0163iat\u0103 a Facult\u0103\u0163ii de Drept din cadrul Univ. \u201eA.I. Cuza\u201d Ia\u015fi, promo\u0163ia 1995,<\/p>\n<p>&#8211;\u00a0\u00a0\u00a0\u00a0\u00a0\u00a0\u00a0\u00a0 absolvent\u0103 a cursurilor de master \u00een specializarea \u201eDrept european\u201d, Univ. A.I .Cuza Ia\u015fi, promo\u0163ia 2006,<\/p>\n<p>&#8211;\u00a0\u00a0\u00a0\u00a0\u00a0\u00a0\u00a0\u00a0 doctorand la Facultatea de Drept, Universitatea Bucure\u015fti.<\/p>\n<p>Gina Ignat este membru aderent ARDAE &#8211; Asociatia romana de drept si afaceri europene din 11 noiembrie 2014.<\/p>\n","protected":false},"excerpt":{"rendered":"","protected":false},"author":1,"featured_media":0,"comment_status":"closed","ping_status":"open","sticky":false,"template":"","format":"standard","meta":{"footnotes":""},"categories":[10],"tags":[],"class_list":["post-1705","post","type-post","status-publish","format-standard","hentry","category-membri-aderenti"],"_links":{"self":[{"href":"http:\/\/www.ardae.ro\/index.php?rest_route=\/wp\/v2\/posts\/1705"}],"collection":[{"href":"http:\/\/www.ardae.ro\/index.php?rest_route=\/wp\/v2\/posts"}],"about":[{"href":"http:\/\/www.ardae.ro\/index.php?rest_route=\/wp\/v2\/types\/post"}],"author":[{"embeddable":true,"href":"http:\/\/www.ardae.ro\/index.php?rest_route=\/wp\/v2\/users\/1"}],"replies":[{"embeddable":true,"href":"http:\/\/www.ardae.ro\/index.php?rest_route=%2Fwp%2Fv2%2Fcomments&post=1705"}],"version-history":[{"count":4,"href":"http:\/\/www.ardae.ro\/index.php?rest_route=\/wp\/v2\/posts\/1705\/revisions"}],"predecessor-version":[{"id":1709,"href":"http:\/\/www.ardae.ro\/index.php?rest_route=\/wp\/v2\/posts\/1705\/revisions\/1709"}],"wp:attachment":[{"href":"http:\/\/www.ardae.ro\/index.php?rest_route=%2Fwp%2Fv2%2Fmedia&parent=1705"}],"wp:term":[{"taxonomy":"category","embeddable":true,"href":"http:\/\/www.ardae.ro\/index.php?rest_route=%2Fwp%2Fv2%2Fcategories&post=1705"},{"taxonomy":"post_tag","embeddable":true,"href":"http:\/\/www.ardae.ro\/index.php?rest_route=%2Fwp%2Fv2%2Ftags&post=1705"}],"curies":[{"name":"wp","href":"https:\/\/api.w.org\/{rel}","templated":true}]}}