{"id":1511,"date":"2012-12-24T06:17:51","date_gmt":"2012-12-24T06:17:51","guid":{"rendered":"http:\/\/www.ardae.ro\/?p=1511"},"modified":"2014-12-24T06:19:51","modified_gmt":"2014-12-24T06:19:51","slug":"luiza-neagu","status":"publish","type":"post","link":"http:\/\/www.ardae.ro\/?p=1511","title":{"rendered":"Luiza Neagu"},"content":{"rendered":"<p style=\"text-align: justify;\"><!--more--><\/p>\n<p style=\"text-align: justify;\">Dr. Luiza Neagu<\/p>\n<p style=\"text-align: justify;\">\u00a0Absolventa a Scolii doctorale a Universitatii Bucuresti, Facultatea de drept, Specializarea Drept financiar si fiscal, teza de doctorat cu tema : \u201e<i>Euro, moneda unic\u0103 european\u0103\u201d<\/i>, sub indrumarea Prof. Univ. Dr. Dan Drosu Saguna.<\/p>\n<p style=\"text-align: justify;\">Avocat in cadrul Baroului Bucuresti, cu o experienta profesionala de 10 ani in domeniul juridic, dr. Luiza Neagu a reprezentat, cu succes, numerosi clienti persoane fizice, dar si societati internationale.<\/p>\n<p style=\"text-align: justify;\">\u00a0\u00a0\u00a0\u00a0\u00a0\u00a0\u00a0\u00a0\u00a0 Autoare a numeroase lucrari, culegeri de jurisprudenta si articole in reviste de specialitate, printre care : <b><i>\u201e Procedura insolventei; Raspunderea membrilor organelor de conducere\u201d<\/i><\/b> &#8211; Culegere de jurisprudenta \u2013 Editura Hamangiu, Bucuresti, 2011; <b><i>\u201eSuspendarea executarii actului administrativ\u201d<\/i> <\/b>\u2013 Culegere de jurisprudenta \u2013 Editura Hamangiu, Bucuresti, 2011; <b>\u201e<i>Inselaciunea cu cecuri si bilete la ordin\u201d<\/i> <\/b>\u2013 Culegere de jurisprudenta \u2013 Editura Hamangiu, Bucuresti, 2011; <b><i>\u201e Refuzul executorului judecatoresc de a indeplini un act sau a efectua o executare silita. Infractiunea prevazuta de Legea nr. 188\/2000\u201d<\/i><\/b>. \u2013 Saptamana Juridica nr. 39 \/ 15-21 noiembrie 2010; <b>\u201e <i>Consecintele omisiunii prezentarii materialului de urmarire penala<\/i>\u201d<\/b> \u2013 Saptamana Juridica nr. 43 \/ 13-19 decembrie 2010; <b>\u00a0\u201e<i>Adoptarea monedei unice europene de catre Romania<\/i>\u201d<\/b> \u2013 Curierul fiscal\u00a0 nr. 9\/2010; <b><i>\u201c Retrogradarea, situatie ce afecteaz\u0103 drepturile fundamentale, precum dreptul la munc\u0103, dreptul la protectia social\u0103 a muncii si dreptul la un nivel de trai decent, cauzand prejudicii atat materiale, cat si morale.\u201d <\/i><\/b><i>\u2013\u00a0 <\/i>Saptamana Juridica nr. 15 \/ 11-17 aprilie 2011<\/p>\n<p style=\"text-align: justify;\">Este membru aderent ARDAE &#8211; Asociatia romana de drept si afaceri europene din 27 octombrie 2014.<\/p>\n","protected":false},"excerpt":{"rendered":"","protected":false},"author":1,"featured_media":0,"comment_status":"closed","ping_status":"open","sticky":false,"template":"","format":"standard","meta":{"footnotes":""},"categories":[10],"tags":[],"class_list":["post-1511","post","type-post","status-publish","format-standard","hentry","category-membri-aderenti"],"_links":{"self":[{"href":"http:\/\/www.ardae.ro\/index.php?rest_route=\/wp\/v2\/posts\/1511"}],"collection":[{"href":"http:\/\/www.ardae.ro\/index.php?rest_route=\/wp\/v2\/posts"}],"about":[{"href":"http:\/\/www.ardae.ro\/index.php?rest_route=\/wp\/v2\/types\/post"}],"author":[{"embeddable":true,"href":"http:\/\/www.ardae.ro\/index.php?rest_route=\/wp\/v2\/users\/1"}],"replies":[{"embeddable":true,"href":"http:\/\/www.ardae.ro\/index.php?rest_route=%2Fwp%2Fv2%2Fcomments&post=1511"}],"version-history":[{"count":3,"href":"http:\/\/www.ardae.ro\/index.php?rest_route=\/wp\/v2\/posts\/1511\/revisions"}],"predecessor-version":[{"id":1515,"href":"http:\/\/www.ardae.ro\/index.php?rest_route=\/wp\/v2\/posts\/1511\/revisions\/1515"}],"wp:attachment":[{"href":"http:\/\/www.ardae.ro\/index.php?rest_route=%2Fwp%2Fv2%2Fmedia&parent=1511"}],"wp:term":[{"taxonomy":"category","embeddable":true,"href":"http:\/\/www.ardae.ro\/index.php?rest_route=%2Fwp%2Fv2%2Fcategories&post=1511"},{"taxonomy":"post_tag","embeddable":true,"href":"http:\/\/www.ardae.ro\/index.php?rest_route=%2Fwp%2Fv2%2Ftags&post=1511"}],"curies":[{"name":"wp","href":"https:\/\/api.w.org\/{rel}","templated":true}]}}