{"id":1469,"date":"2014-12-17T07:31:33","date_gmt":"2014-12-17T07:31:33","guid":{"rendered":"http:\/\/www.ardae.ro\/?p=1469"},"modified":"2014-12-17T07:37:28","modified_gmt":"2014-12-17T07:37:28","slug":"asociatia-greaca-pentru-drept-european-uniunea-economica-si-monetara-aspecte-constitutionale-si-institutionale-ale-elaborarilor-de-politici-economice-in-uniunea-europeana-18-12-2014","status":"publish","type":"post","link":"http:\/\/www.ardae.ro\/?p=1469","title":{"rendered":"Asocia\u0163ia Greac\u0103 pentru Drept European: Uniunea economic\u0103 \u015fi monetar\u0103. Aspecte constitu\u0163ionale \u015fi institu\u0163ionale ale elabor\u0103rilor de politici economice \u00een Uniunea European\u0103, 18.12.2014"},"content":{"rendered":"<p><!--more--><br \/>\nAsocia\u0163ia Greac\u0103 pentru Drept European v\u0103 invit\u0103 la un eveniment \u015ftiintific, miercuri 18 decembrie 2014 la ora 18.00 \u00een sala Europa a Bibliotecii de Drept (strada Mavromichali 23), Atena:<\/p>\n<ul>\n<li><strong>Uniunea economic\u0103 \u015fi monetar\u0103. Aspecte constitu\u0163ionale \u015fi institu\u0163ionale ale elabor\u0103rilor de politici economice \u00een Uniunea European\u0103.<\/strong><\/li>\n<\/ul>\n<p>Speakeri \u00a0:<\/p>\n<p>Catherine Eliades\u00a0,\u00a0Dr\u00a0.\u00a0jur\u00a0., Lector, Universitatea din Atena, Avocat<\/p>\n<p>Elias\u00a0Karakitsos\u00a0,\u00a0Profesor\u00a0, Centre of Economic &amp; Public Policy, Universitatea \u00a0Cambridge<\/p>\n<p>Dimitris Tsimbanoulis\u00a0,\u00a0Dr\u00a0.\u00a0jur\u00a0, Avocat<\/p>\n<p><a href=\"http:\/\/eeed-fide.blogspot.dk\/2014\/12\/18-12-2014.html\">DETALII<\/a><\/p>\n<p style=\"text-align: justify;\"><a href=\"http:\/\/www.ardae.ro\/?p=1466\" target=\"_blank\">Ana-Maria Constantinescu<\/a><\/p>\n","protected":false},"excerpt":{"rendered":"","protected":false},"author":1,"featured_media":0,"comment_status":"closed","ping_status":"open","sticky":false,"template":"","format":"standard","meta":{"footnotes":""},"categories":[48],"tags":[],"class_list":["post-1469","post","type-post","status-publish","format-standard","hentry","category-evenimente"],"_links":{"self":[{"href":"http:\/\/www.ardae.ro\/index.php?rest_route=\/wp\/v2\/posts\/1469"}],"collection":[{"href":"http:\/\/www.ardae.ro\/index.php?rest_route=\/wp\/v2\/posts"}],"about":[{"href":"http:\/\/www.ardae.ro\/index.php?rest_route=\/wp\/v2\/types\/post"}],"author":[{"embeddable":true,"href":"http:\/\/www.ardae.ro\/index.php?rest_route=\/wp\/v2\/users\/1"}],"replies":[{"embeddable":true,"href":"http:\/\/www.ardae.ro\/index.php?rest_route=%2Fwp%2Fv2%2Fcomments&post=1469"}],"version-history":[{"count":8,"href":"http:\/\/www.ardae.ro\/index.php?rest_route=\/wp\/v2\/posts\/1469\/revisions"}],"predecessor-version":[{"id":1477,"href":"http:\/\/www.ardae.ro\/index.php?rest_route=\/wp\/v2\/posts\/1469\/revisions\/1477"}],"wp:attachment":[{"href":"http:\/\/www.ardae.ro\/index.php?rest_route=%2Fwp%2Fv2%2Fmedia&parent=1469"}],"wp:term":[{"taxonomy":"category","embeddable":true,"href":"http:\/\/www.ardae.ro\/index.php?rest_route=%2Fwp%2Fv2%2Fcategories&post=1469"},{"taxonomy":"post_tag","embeddable":true,"href":"http:\/\/www.ardae.ro\/index.php?rest_route=%2Fwp%2Fv2%2Ftags&post=1469"}],"curies":[{"name":"wp","href":"https:\/\/api.w.org\/{rel}","templated":true}]}}