{"id":1397,"date":"2014-12-04T19:03:51","date_gmt":"2014-12-04T19:03:51","guid":{"rendered":"http:\/\/www.ardae.ro\/?p=1397"},"modified":"2015-10-15T03:57:02","modified_gmt":"2015-10-15T03:57:02","slug":"dezbaterea-%e2%80%8bexista-sanctiuni-pentru-incalcarea-obligatiei-instantei-nationale-de-efectuare-a-unei-trimiteri-preliminare-la-curtea-de-justitie-11-decembrie-2014","status":"publish","type":"post","link":"http:\/\/www.ardae.ro\/?p=1397","title":{"rendered":"Dezbaterea: \u200bExist\u0103 sanc\u0163iuni pentru \u00eenc\u0103lcarea obliga\u0163iei instan\u0163ei na\u0163ionale de efectuare a unei trimiteri preliminare la Curtea de Justi\u0163ie?, 11 decembrie 2014"},"content":{"rendered":"<p align=\"center\"><!--more--><\/p>\n<p align=\"center\"><b>Asocia\u0163ia rom\u00e2n\u0103 de drept \u015fi afaceri europene (ARDAE)<\/b><\/p>\n<p align=\"center\"><b>Universitatea Titu Maiorescu \u2013 Facultatea de Drept<\/b><\/p>\n<p align=\"center\"><b><a href=\"https:\/\/eubusinesslaw.wordpress.com\/2014\/12\/24\/dezbaterea-%E2%80%8Bexista-sanctiuni-pentru-incalcarea-obligatiei-instantei-nationale-de-efectuare-a-unei-trimiteri-preliminare-la-curtea-de-justitie-11-decembrie-2014-update-foto\/\" target=\"_blank\">GALERIE FOTO<\/a>\u00a0<\/b><\/p>\n<p align=\"center\"><b>Organizeaz\u0103 dezbaterea<\/b><\/p>\n<p align=\"center\">\u200b<b>Exist\u0103 sanc\u0163iuni pentru \u00eenc\u0103lcarea obliga\u0163iei instan\u0163ei na\u0163ionale de efectuare a unei trimiteri preliminare la Curtea de Justi\u0163ie?<\/b><\/p>\n<p align=\"center\">[<em>Are there any sanctions for breaching the duty to refer to the European Court of Justice?<\/em>]<\/p>\n<p align=\"center\"><b>\u00a0<\/b><\/p>\n<p style=\"text-align: center;\">Evenimentul se va desf\u0103\u015fura la Universitatea Titu Maiorescu, Facultatea de Drept, Calea Vacaresti nr. 187, et. 1, Sala de Consiliu,<\/p>\n<p align=\"center\">11 decembrie 2014, ora 18<\/p>\n<p align=\"center\"><b>PARTENER PRINCIPAL: EDITURA BRUYLANT<\/b><\/p>\n<p align=\"center\"><b>Moderator: prof. univ. dr. Mihai \u015eandru<\/b><\/p>\n<p><b>Participan\u0163i confirma\u0163i (\u00een ordine alfabetic\u0103):<\/b><\/p>\n<p><b>Judec\u0103tor Diana Bulancea, judec\u0103tor deta\u015fat, Agentul guvernamental pentru Curtea de Justi\u0163ie a Uniunii Europene, Serviciul Contencios al Uniunii Europene<\/b><\/p>\n<p><b>Asist. univ. dr. Daniel Cazacu-Ganea, avocat<\/b><\/p>\n<p><b>Lector univ. dr. Cosmin Costa\u015f, avocat<\/b><\/p>\n<p><b>Prof. univ. dr. Olimpiu Crauciuc<\/b><\/p>\n<p><b style=\"font-size: 13px;\">Judec\u0103tor Ionica Ninu, Tribunalul Bucure\u015fti<\/b><\/p>\n<p><b>R\u0103zvan-Hora\u0163iu Radu, Agentul guvernamental pentru Curtea de Justi\u0163ie a Uniunii Europene<\/b><\/p>\n<p><strong>Conf. univ. dr. Nicolae Ploe\u015fteanu<\/strong><\/p>\n<p><b>Lector univ. dr. Marieta Safta, prim magistrat \u2013 asistent la\u00a0 Curtea\u00a0 Constitu\u0163ional\u0103\u00a0 a Rom\u00e2niei<\/b><\/p>\n<p><b>Prof. univ. dr. Br\u00e2ndu\u015fa \u015etef\u0103nescu<\/b><\/p>\n<p><b>\u00a0<\/b><\/p>\n<p align=\"center\">Cu acest prilej va fi <b>prezentat volumul<\/b><\/p>\n<p><strong>Laurent Coutron<\/strong><b>\u00a0<\/b><strong>(ed.)<\/strong>, <i>L\u2019obligation de renvoi pr\u00e9judiciel \u00e0 la Cour de justice. Une obligation sanctionn\u00e9e?<\/i>, Bruylant, 2013, ISBN\u00a09782802740926.<\/p>\n<p><a href=\"http:\/\/www.ardae.ro\/wp-content\/uploads\/COUTRON_obligation_de_renvoi_prejudiciel.png\"><img loading=\"lazy\" decoding=\"async\" class=\"alignright size-medium wp-image-788\" alt=\"COUTRON_obligation_de_renvoi_prejudiciel\" src=\"http:\/\/www.ardae.ro\/wp-content\/uploads\/COUTRON_obligation_de_renvoi_prejudiciel-200x300.png\" width=\"200\" height=\"300\" srcset=\"http:\/\/www.ardae.ro\/wp-content\/uploads\/COUTRON_obligation_de_renvoi_prejudiciel-200x300.png 200w, http:\/\/www.ardae.ro\/wp-content\/uploads\/COUTRON_obligation_de_renvoi_prejudiciel.png 550w\" sizes=\"(max-width: 200px) 100vw, 200px\" \/><\/a><\/p>\n<p align=\"center\"><span style=\"font-size: 13px;\">\u00a0\u00a0<\/span><\/p>\n<p><strong>Consiliul \u015ftiin\u0163ific \u015fi organizatoric al conferin\u0163ei:<\/strong><br \/>\nProf. univ. dr. Mihai \u015eandru<br \/>\nDr. Andrei Savescu<\/p>\n<p>Lector univ. dr. Cosmin Costa\u015f<\/p>\n<p>Conf. univ. dr. Gabriel Liviu Ispas<\/p>\n<p>Conf. univ. dr. Nicolae Ploe\u015fteanu<\/p>\n<p>Asist. univ. dr. Daniel Cazacu-Ganea<\/p>\n<p>&nbsp;<\/p>\n<p><strong>Parteneri<\/strong><br \/>\nCurierul Judiciar<\/p>\n<p>Societatea de \u015etiinte Juridice<br \/>\nRevista rom\u00e2n\u0103 de drept european<br \/>\nEditura Wolters Kluwer<br \/>\nJurisclasorCEDO<br \/>\nRevista Forumul Judec\u0103torilor<br \/>\nEditura Universitar\u0103<br \/>\nEditura C. H. Beck<br \/>\nAEXA \u2013 Asociatia exper\u0163ilor \u00een achizi\u0163ii<\/p>\n<p>Organizatorii v\u0103 mul\u0163umesc pentru retransmiterea acestei invita\u0163ii c\u0103tre toate persoanele interesate. Nu se percepe tax\u0103 de participare. Locurile sunt limitate, \u00eenscrierea participan\u0163ilor realiz\u00e2ndu-se \u00een ordinea cronologic\u0103 a confirmarilor, prin e-mail (<a href=\"http:\/\/uk.mc1722.mail.yahoo.com\/mc\/compose?to=mihai.sandru@csde.ro\">mihai.sandru@csde.ro<\/a>). Dezbaterea dureaza doua ore.<\/p>\n<p>&nbsp;<\/p>\n","protected":false},"excerpt":{"rendered":"","protected":false},"author":1,"featured_media":0,"comment_status":"closed","ping_status":"open","sticky":false,"template":"","format":"standard","meta":{"footnotes":""},"categories":[48],"tags":[],"class_list":["post-1397","post","type-post","status-publish","format-standard","hentry","category-evenimente"],"_links":{"self":[{"href":"http:\/\/www.ardae.ro\/index.php?rest_route=\/wp\/v2\/posts\/1397"}],"collection":[{"href":"http:\/\/www.ardae.ro\/index.php?rest_route=\/wp\/v2\/posts"}],"about":[{"href":"http:\/\/www.ardae.ro\/index.php?rest_route=\/wp\/v2\/types\/post"}],"author":[{"embeddable":true,"href":"http:\/\/www.ardae.ro\/index.php?rest_route=\/wp\/v2\/users\/1"}],"replies":[{"embeddable":true,"href":"http:\/\/www.ardae.ro\/index.php?rest_route=%2Fwp%2Fv2%2Fcomments&post=1397"}],"version-history":[{"count":13,"href":"http:\/\/www.ardae.ro\/index.php?rest_route=\/wp\/v2\/posts\/1397\/revisions"}],"predecessor-version":[{"id":2313,"href":"http:\/\/www.ardae.ro\/index.php?rest_route=\/wp\/v2\/posts\/1397\/revisions\/2313"}],"wp:attachment":[{"href":"http:\/\/www.ardae.ro\/index.php?rest_route=%2Fwp%2Fv2%2Fmedia&parent=1397"}],"wp:term":[{"taxonomy":"category","embeddable":true,"href":"http:\/\/www.ardae.ro\/index.php?rest_route=%2Fwp%2Fv2%2Fcategories&post=1397"},{"taxonomy":"post_tag","embeddable":true,"href":"http:\/\/www.ardae.ro\/index.php?rest_route=%2Fwp%2Fv2%2Ftags&post=1397"}],"curies":[{"name":"wp","href":"https:\/\/api.w.org\/{rel}","templated":true}]}}