{"id":1264,"date":"2012-11-26T15:02:20","date_gmt":"2012-11-26T15:02:20","guid":{"rendered":"http:\/\/www.ardae.ro\/?p=1264"},"modified":"2017-02-26T06:11:37","modified_gmt":"2017-02-26T06:11:37","slug":"andrei-savescu","status":"publish","type":"post","link":"http:\/\/www.ardae.ro\/?p=1264","title":{"rendered":"Andrei Savescu"},"content":{"rendered":"<p><!--more--><\/p>\n<p><a href=\"http:\/\/www.ardae.ro\/wp-content\/uploads\/Andrei-Savescu-2.jpg\"><img loading=\"lazy\" decoding=\"async\" class=\"alignleft size-full wp-image-1271\" alt=\"Andrei-Savescu-2\" src=\"http:\/\/www.ardae.ro\/wp-content\/uploads\/Andrei-Savescu-2.jpg\" width=\"179\" height=\"220\" \/><\/a>Andrei Savescu<\/p>\n<p>Coordonator JURIDICE.ro<\/p>\n<p>Facultatea de Drept a Universit\u0103\u021bii din Bucure\u0219ti (1994)<\/p>\n<p>Avocat \u00een Baroul Bucure\u0219ti (1994)<br \/>\nManaging Partner\u00a0<a href=\"http:\/\/www.savescu.ro\/\" target=\"_blank\">S\u0102VESCU &amp; ASOCIA\u021aII<\/a>\u00a0(1997)<br \/>\nArbitru la\u00a0<a href=\"http:\/\/arbitration.ccir.ro\/\" target=\"_blank\">Curtea de arbitraj comercial interna\u021bional<\/a>\u00a0de pe l\u00e2ng\u0103 Camera de Comer\u0163 \u015fi Industrie a Rom\u00e2niei (2010)<\/p>\n<p>Pred\u0103 dreptul internetului la Facultatea de Drept a Universit\u0103\u021bii de Vest din Timi\u0219oara \u0219i drept civil cui vrea.<\/p>\n<p><strong>Informa\u021bii de contact<\/strong><br \/>\nandrei.savescu@juridice.ro,\u00a00040744331101<\/p>\n<p>***<\/p>\n<p><a href=\"http:\/\/www.ardae.ro\/?p=436\" target=\"_blank\"><strong>Lista membri aderenti ARDAE \u2013 Asociatia romana de drept si afaceri europene<\/strong><\/a><\/p>\n<p><strong>Revista ARDAE<\/strong>\u00a0\u2013\u00a0<a href=\"http:\/\/iaduer.ro\/\"><em>Afaceri juridice europene<\/em><\/a><a href=\"http:\/\/iaduer.ro\/?p=1285\" target=\"_blank\"><br \/>\n<\/a><\/p>\n<p><strong>PROIECTUL IADUER<\/strong>\u00a0\u2013 interpretarea si aplicarea dreptului Uniunii Europene in Romania \u2013\u00a0<a href=\"http:\/\/iaduer.ro\/?p=162\" target=\"_blank\">Lista trimiterilor preliminare din Romania, inregistrate la CJUE<\/a><\/p>\n<p><a href=\"https:\/\/eubusinesslaw.wordpress.com\/2015\/08\/03\/dialog-forum-drept-si-afaceri-europene-in-romania\/\" target=\"_blank\">Dialog &amp; forum Drept si afaceri europene in Romania<\/a><\/p>\n<p><a href=\"https:\/\/eubusinesslaw.wordpress.com\/evenimente-drept-european-ardae\/\" target=\"_blank\"><strong>Evenimente drept european \u2013 ARDAE \u2013 Asociatia romana de drept si afaceri europene<\/strong><\/a><\/p>\n<p><a href=\"http:\/\/www.ardae.ro\/?p=436\">\u00a0<\/a><\/p>\n","protected":false},"excerpt":{"rendered":"","protected":false},"author":1,"featured_media":0,"comment_status":"closed","ping_status":"open","sticky":false,"template":"","format":"standard","meta":{"footnotes":""},"categories":[8,10],"tags":[],"class_list":["post-1264","post","type-post","status-publish","format-standard","hentry","category-despre-noi","category-membri-aderenti"],"_links":{"self":[{"href":"http:\/\/www.ardae.ro\/index.php?rest_route=\/wp\/v2\/posts\/1264"}],"collection":[{"href":"http:\/\/www.ardae.ro\/index.php?rest_route=\/wp\/v2\/posts"}],"about":[{"href":"http:\/\/www.ardae.ro\/index.php?rest_route=\/wp\/v2\/types\/post"}],"author":[{"embeddable":true,"href":"http:\/\/www.ardae.ro\/index.php?rest_route=\/wp\/v2\/users\/1"}],"replies":[{"embeddable":true,"href":"http:\/\/www.ardae.ro\/index.php?rest_route=%2Fwp%2Fv2%2Fcomments&post=1264"}],"version-history":[{"count":6,"href":"http:\/\/www.ardae.ro\/index.php?rest_route=\/wp\/v2\/posts\/1264\/revisions"}],"predecessor-version":[{"id":2922,"href":"http:\/\/www.ardae.ro\/index.php?rest_route=\/wp\/v2\/posts\/1264\/revisions\/2922"}],"wp:attachment":[{"href":"http:\/\/www.ardae.ro\/index.php?rest_route=%2Fwp%2Fv2%2Fmedia&parent=1264"}],"wp:term":[{"taxonomy":"category","embeddable":true,"href":"http:\/\/www.ardae.ro\/index.php?rest_route=%2Fwp%2Fv2%2Fcategories&post=1264"},{"taxonomy":"post_tag","embeddable":true,"href":"http:\/\/www.ardae.ro\/index.php?rest_route=%2Fwp%2Fv2%2Ftags&post=1264"}],"curies":[{"name":"wp","href":"https:\/\/api.w.org\/{rel}","templated":true}]}}