{"id":1255,"date":"2012-11-26T14:56:03","date_gmt":"2012-11-26T14:56:03","guid":{"rendered":"http:\/\/www.ardae.ro\/?p=1255"},"modified":"2014-11-26T19:11:44","modified_gmt":"2014-11-26T19:11:44","slug":"dumitru-dobrev","status":"publish","type":"post","link":"http:\/\/www.ardae.ro\/?p=1255","title":{"rendered":"Dumitru Dobrev"},"content":{"rendered":"<p><!--more--><\/p>\n<p><a href=\"http:\/\/www.ardae.ro\/wp-content\/uploads\/Dumitru-Dobrev.jpg\"><img loading=\"lazy\" decoding=\"async\" class=\"alignleft size-full wp-image-1285\" alt=\"Dumitru Dobrev\" src=\"http:\/\/www.ardae.ro\/wp-content\/uploads\/Dumitru-Dobrev.jpg\" width=\"64\" height=\"64\" \/><\/a>Dumitru Dobrev<\/p>\n<p>Am o experien\u021b\u0103 de 13 ani \u00een litigii de drept privat, contencios administrativ, arbitraj intern \u0219i interna\u021bional fiind \u00een prezent avocat asociat la SCA DobrinescuDobrev.<\/p>\n<p>M-am specializat \u00een domeniul propriet\u0103\u021bii industriale \u0219i al drepturilor de autor, sunt membru al\u00a0<a href=\"http:\/\/www.patent-chamber.ro\/2.html\" target=\"_blank\">Consiliului de Conducere<\/a>\u00a0al\u00a0Camerei Na\u021bionale a Consilierilor \u00een Proprietate Industrial\u0103 din Rom\u00e2nia, unde de\u021bin func\u021bia de \u0219ef al comisiei legislative. Aria mea predilect\u0103 de practic\u0103 sunt litigiile de drept privat, contenciosul mediului \u0219i urbanismului \u0219i insolven\u021ba (fiind practician \u00een insolven\u021b\u0103 din 2006).<\/p>\n<p>Am scris \u0219i publicat numeroase articole \u0219i comentarii jurispruden\u021biale \u00een calitate de cercet\u0103tor \u0219tiin\u021bific la\u00a0<a title=\"Institutul de Cercet\u0103ri Juridice\" href=\"http:\/\/www.icj.ro\/\" target=\"_blank\">Institutul de Cercet\u0103ri Juridice \u201cAndrei R\u0103dulescu\u201d<\/a>\u00a0al Academiei Rom\u00e2ne \u0219i de director \u0219tiin\u021bific al\u00a0<a title=\"Revista Rom\u00e2n\u0103 de Dreptul Afacerilor\" href=\"http:\/\/www.wolterskluwer.ro\/article--revista-rom%EF%BF%BD%C2%A2n%EF%BF%BD%C6%92-de-drept-al-afacerilor--1944.html\" target=\"_blank\">Revistei Rom\u00e2ne de Dreptul Afacerilor<\/a>.<\/p>\n<p>Experien\u0163\u0103 anterioar\u0103:<\/p>\n<ul>\n<li>Biri\u0219 Goran SCA, avocat colaborator, 2009 \u2013 2012 (arbitraj, contencios administrativ \u0219i fiscal, insolven\u0163\u0103, drept de autor \u0219i drepturi conexe)<\/li>\n<li>Leaua \u0219i Asociatii SCA (fosta T\u0103n\u0103sescu, Leaua, Cadar \u015fi Asociatii), avocat colaborator, 2007 \u2013 2009\u00a0(arbitraj, litigii de contencios administrativ \u0219i fiscal, dreptul mediului \u00a0\u0219i \u00a0proprietate industrial\u0103)<\/li>\n<li>Vil\u0103u &amp; Mitel SCA, avocat colaborator, 2006 \u2013 2007 (litigii civile, comerciale \u015fi proprietate industrial\u0103)<\/li>\n<li>Asistent universitar la Universitatea \u201cMihail Kog\u0103lniceanu\u201d din Ia\u015fi, ca asistent al conf. dr. Maria Gai\u0163\u0103, la disciplinele\u00a0<i>Drepturi reale \u015fi Teoria general\u0103 a obliga\u0163iilor<\/i>.<\/li>\n<\/ul>\n<p>Studii:<\/p>\n<ul>\n<li>doctorand la Institutul de Cercet\u0103ri Juridice\u00a0<a title=\"Institutul de Cercet\u0103ri Juridice\" href=\"http:\/\/www.icj.ro\/\" target=\"_blank\">\u201cAndrei R\u0103dulescu\u201d<\/a>\u00a0al Academiei Rom\u00e2ne\u00a0(cu stagiul doctoral \u00eencheiat);<\/li>\n<li>Institutul Franco-Rom\u00e2n de Drept Interna\u0163ional al Afacerilor \u201cNicolae Titulescu \u2013 Henri Capitant\u201d, Universitatea Bucure\u015fti \u2013 Universit\u00e9 Paris I Panth\u00e9on Sorbonne, Masterat, 1999-2000;<\/li>\n<li>Facultatea de Drept, Universitatea \u201cAlexandru Ioan Cuza\u201d, Ia\u015fi,\u00a0promo\u0163ia 1998;<\/li>\n<li>Facultatea de Horticultur\u0103 din cadrul Universit\u0103\u021bii de \u015etiin\u0163e Agricole \u015fi Medicin\u0103 Veterinar\u0103 \u201cIon Ionescu de la Brad\u201d, Ia\u015fi, promo\u0163ia 1993;<\/li>\n<\/ul>\n<p>Este membru aderent ARDAE &#8211; Asociatia romana de drept si afaceri europene<\/p>\n<p><a href=\"http:\/\/www.ardae.ro\/?p=436\">Lista membilor aderenti ARDAE &#8211; Asociatia romana de drept si afaceri europene<\/a>.<\/p>\n","protected":false},"excerpt":{"rendered":"","protected":false},"author":1,"featured_media":0,"comment_status":"closed","ping_status":"open","sticky":false,"template":"","format":"standard","meta":{"footnotes":""},"categories":[8,10],"tags":[],"class_list":["post-1255","post","type-post","status-publish","format-standard","hentry","category-despre-noi","category-membri-aderenti"],"_links":{"self":[{"href":"http:\/\/www.ardae.ro\/index.php?rest_route=\/wp\/v2\/posts\/1255"}],"collection":[{"href":"http:\/\/www.ardae.ro\/index.php?rest_route=\/wp\/v2\/posts"}],"about":[{"href":"http:\/\/www.ardae.ro\/index.php?rest_route=\/wp\/v2\/types\/post"}],"author":[{"embeddable":true,"href":"http:\/\/www.ardae.ro\/index.php?rest_route=\/wp\/v2\/users\/1"}],"replies":[{"embeddable":true,"href":"http:\/\/www.ardae.ro\/index.php?rest_route=%2Fwp%2Fv2%2Fcomments&post=1255"}],"version-history":[{"count":7,"href":"http:\/\/www.ardae.ro\/index.php?rest_route=\/wp\/v2\/posts\/1255\/revisions"}],"predecessor-version":[{"id":1289,"href":"http:\/\/www.ardae.ro\/index.php?rest_route=\/wp\/v2\/posts\/1255\/revisions\/1289"}],"wp:attachment":[{"href":"http:\/\/www.ardae.ro\/index.php?rest_route=%2Fwp%2Fv2%2Fmedia&parent=1255"}],"wp:term":[{"taxonomy":"category","embeddable":true,"href":"http:\/\/www.ardae.ro\/index.php?rest_route=%2Fwp%2Fv2%2Fcategories&post=1255"},{"taxonomy":"post_tag","embeddable":true,"href":"http:\/\/www.ardae.ro\/index.php?rest_route=%2Fwp%2Fv2%2Ftags&post=1255"}],"curies":[{"name":"wp","href":"https:\/\/api.w.org\/{rel}","templated":true}]}}