{"id":1210,"date":"2014-11-24T21:48:12","date_gmt":"2014-11-24T21:48:12","guid":{"rendered":"http:\/\/www.ardae.ro\/?p=1210"},"modified":"2014-12-04T19:12:33","modified_gmt":"2014-12-04T19:12:33","slug":"conferinta-csde-11-11-2014-directiva-act-de-dreptul-uniunii-europene-si-judecatorul-roman-update-foto","status":"publish","type":"post","link":"http:\/\/www.ardae.ro\/?p=1210","title":{"rendered":"Conferinta CSDE 11.11.2014: Directiva \u2013 act de dreptul Uniunii Europene \u2013 \u015fi judec\u0103torul rom\u00e2n. UPDATE FOTO"},"content":{"rendered":"<p><a style=\"font-size: 13px;\" href=\"http:\/\/www.ardae.ro\/?p=946\" target=\"_blank\"><!--more-->Conferinta CSDE 11.11.2014: Directiva \u2013 act de dreptul Uniunii Europene \u2013 \u015fi judec\u0103torul rom\u00e2n<\/a><\/p>\n<p><a href=\"http:\/\/www.ardae.ro\/?p=950\" target=\"_blank\">CELS Conference The Directive \u2013 as act of European Union law \u2013 and the Romanian judge Romanian Academy, November 11, 2014<\/a><\/p>\n<p><a href=\"http:\/\/www.ardae.ro\/?p=954\" target=\"_blank\">La conf\u00e9rence CSDE 11.11.2014: La directive \u2013 acte de droit de l\u2019Union Europ\u00e9enne \u2013 et le juge roumain<\/a><\/p>\n<p>Lansare de carte: \u201e<em>Trimiterile preliminare ale instan\u0163elor din Rom\u00e2nia la CJUE. Culegere adnotat\u0103 de jurispruden\u0163\u0103\u201d<\/em>, Editura Universitar\u0103, 2014 (3 vol.) editat\u0103 de Mihai \u015eandru, Mihai Banu, Drago\u015f C\u0103lin.<a href=\"http:\/\/www.ardae.ro\/wp-content\/uploads\/Trimiterile-preliminare-jurisprudenta.jpg\"><img loading=\"lazy\" decoding=\"async\" class=\"aligncenter size-medium wp-image-1211\" alt=\"Trimiterile preliminare jurisprudenta\" src=\"http:\/\/www.ardae.ro\/wp-content\/uploads\/Trimiterile-preliminare-jurisprudenta-300x199.jpg\" width=\"300\" height=\"199\" srcset=\"http:\/\/www.ardae.ro\/wp-content\/uploads\/Trimiterile-preliminare-jurisprudenta-300x199.jpg 300w, http:\/\/www.ardae.ro\/wp-content\/uploads\/Trimiterile-preliminare-jurisprudenta-1024x680.jpg 1024w\" sizes=\"(max-width: 300px) 100vw, 300px\" \/><\/a><\/p>\n<p style=\"text-align: center;\">Academia Romana<\/p>\n<p><a href=\"http:\/\/www.ardae.ro\/wp-content\/uploads\/Academia-Romana.jpg\"><img loading=\"lazy\" decoding=\"async\" class=\"aligncenter size-medium wp-image-1212\" alt=\"Academia Romana\" src=\"http:\/\/www.ardae.ro\/wp-content\/uploads\/Academia-Romana-300x199.jpg\" width=\"300\" height=\"199\" srcset=\"http:\/\/www.ardae.ro\/wp-content\/uploads\/Academia-Romana-300x199.jpg 300w, http:\/\/www.ardae.ro\/wp-content\/uploads\/Academia-Romana-1024x680.jpg 1024w\" sizes=\"(max-width: 300px) 100vw, 300px\" \/><\/a><\/p>\n<p style=\"text-align: center;\">Nicolae Ploesteanu, Mihai Sandru<\/p>\n<p><a href=\"http:\/\/www.ardae.ro\/wp-content\/uploads\/Nicolae-Ploesteanu-Mihai-Sandru.jpg\"><img loading=\"lazy\" decoding=\"async\" class=\"aligncenter size-medium wp-image-1213\" alt=\"Nicolae Ploesteanu Mihai Sandru\" src=\"http:\/\/www.ardae.ro\/wp-content\/uploads\/Nicolae-Ploesteanu-Mihai-Sandru-300x199.jpg\" width=\"300\" height=\"199\" srcset=\"http:\/\/www.ardae.ro\/wp-content\/uploads\/Nicolae-Ploesteanu-Mihai-Sandru-300x199.jpg 300w, http:\/\/www.ardae.ro\/wp-content\/uploads\/Nicolae-Ploesteanu-Mihai-Sandru-1024x680.jpg 1024w\" sizes=\"(max-width: 300px) 100vw, 300px\" \/><\/a><\/p>\n<p style=\"text-align: center;\">Dragos Calin, Ionut Galea, Nicolae Ploesteanu, Mihai Sandru<\/p>\n<p><a href=\"http:\/\/www.ardae.ro\/wp-content\/uploads\/Dragos-Calin-Ionut-Galea-Nicolae-Ploesteanu-Mihai-Sandru.jpg\"><img loading=\"lazy\" decoding=\"async\" class=\"aligncenter size-medium wp-image-1214\" alt=\"Dragos Calin Ionut Galea Nicolae Ploesteanu Mihai Sandru\" src=\"http:\/\/www.ardae.ro\/wp-content\/uploads\/Dragos-Calin-Ionut-Galea-Nicolae-Ploesteanu-Mihai-Sandru-300x199.jpg\" width=\"300\" height=\"199\" srcset=\"http:\/\/www.ardae.ro\/wp-content\/uploads\/Dragos-Calin-Ionut-Galea-Nicolae-Ploesteanu-Mihai-Sandru-300x199.jpg 300w, http:\/\/www.ardae.ro\/wp-content\/uploads\/Dragos-Calin-Ionut-Galea-Nicolae-Ploesteanu-Mihai-Sandru-1024x680.jpg 1024w\" sizes=\"(max-width: 300px) 100vw, 300px\" \/><\/a><\/p>\n<p style=\"text-align: center;\">Gina Ignat<\/p>\n<p style=\"text-align: center;\"><a href=\"http:\/\/www.ardae.ro\/wp-content\/uploads\/Gina-Ignat.jpg\"><img loading=\"lazy\" decoding=\"async\" class=\"aligncenter size-medium wp-image-1215\" alt=\"Gina Ignat\" src=\"http:\/\/www.ardae.ro\/wp-content\/uploads\/Gina-Ignat-300x199.jpg\" width=\"300\" height=\"199\" srcset=\"http:\/\/www.ardae.ro\/wp-content\/uploads\/Gina-Ignat-300x199.jpg 300w, http:\/\/www.ardae.ro\/wp-content\/uploads\/Gina-Ignat-1024x680.jpg 1024w\" sizes=\"(max-width: 300px) 100vw, 300px\" \/><\/a><\/p>\n<p style=\"text-align: center;\">Florin Irimia<\/p>\n<p style=\"text-align: center;\"><a href=\"http:\/\/www.ardae.ro\/wp-content\/uploads\/Florin-Irimia1.jpg\"><img loading=\"lazy\" decoding=\"async\" class=\"aligncenter size-medium wp-image-1216\" alt=\"Florin Irimia\" src=\"http:\/\/www.ardae.ro\/wp-content\/uploads\/Florin-Irimia1-300x199.jpg\" width=\"300\" height=\"199\" srcset=\"http:\/\/www.ardae.ro\/wp-content\/uploads\/Florin-Irimia1-300x199.jpg 300w, http:\/\/www.ardae.ro\/wp-content\/uploads\/Florin-Irimia1-1024x680.jpg 1024w\" sizes=\"(max-width: 300px) 100vw, 300px\" \/><\/a><\/p>\n<p style=\"text-align: center;\"><strong>Academia Romana<\/strong><\/p>\n<p><a href=\"http:\/\/www.ardae.ro\/wp-content\/uploads\/Academia-Romana-final.jpg\"><img loading=\"lazy\" decoding=\"async\" class=\"aligncenter size-medium wp-image-1217\" alt=\"Academia Romana final\" src=\"http:\/\/www.ardae.ro\/wp-content\/uploads\/Academia-Romana-final-300x199.jpg\" width=\"300\" height=\"199\" srcset=\"http:\/\/www.ardae.ro\/wp-content\/uploads\/Academia-Romana-final-300x199.jpg 300w, http:\/\/www.ardae.ro\/wp-content\/uploads\/Academia-Romana-final-1024x680.jpg 1024w\" sizes=\"(max-width: 300px) 100vw, 300px\" \/><\/a><\/p>\n<p>foto: Andreea Al Kabbani<\/p>\n","protected":false},"excerpt":{"rendered":"","protected":false},"author":1,"featured_media":0,"comment_status":"closed","ping_status":"open","sticky":false,"template":"","format":"standard","meta":{"footnotes":""},"categories":[8,48,74],"tags":[],"class_list":["post-1210","post","type-post","status-publish","format-standard","hentry","category-despre-noi","category-evenimente","category-parteneriate"],"_links":{"self":[{"href":"http:\/\/www.ardae.ro\/index.php?rest_route=\/wp\/v2\/posts\/1210"}],"collection":[{"href":"http:\/\/www.ardae.ro\/index.php?rest_route=\/wp\/v2\/posts"}],"about":[{"href":"http:\/\/www.ardae.ro\/index.php?rest_route=\/wp\/v2\/types\/post"}],"author":[{"embeddable":true,"href":"http:\/\/www.ardae.ro\/index.php?rest_route=\/wp\/v2\/users\/1"}],"replies":[{"embeddable":true,"href":"http:\/\/www.ardae.ro\/index.php?rest_route=%2Fwp%2Fv2%2Fcomments&post=1210"}],"version-history":[{"count":7,"href":"http:\/\/www.ardae.ro\/index.php?rest_route=\/wp\/v2\/posts\/1210\/revisions"}],"predecessor-version":[{"id":1404,"href":"http:\/\/www.ardae.ro\/index.php?rest_route=\/wp\/v2\/posts\/1210\/revisions\/1404"}],"wp:attachment":[{"href":"http:\/\/www.ardae.ro\/index.php?rest_route=%2Fwp%2Fv2%2Fmedia&parent=1210"}],"wp:term":[{"taxonomy":"category","embeddable":true,"href":"http:\/\/www.ardae.ro\/index.php?rest_route=%2Fwp%2Fv2%2Fcategories&post=1210"},{"taxonomy":"post_tag","embeddable":true,"href":"http:\/\/www.ardae.ro\/index.php?rest_route=%2Fwp%2Fv2%2Ftags&post=1210"}],"curies":[{"name":"wp","href":"https:\/\/api.w.org\/{rel}","templated":true}]}}