{"id":117,"date":"2013-10-03T09:59:03","date_gmt":"2013-10-03T09:59:03","guid":{"rendered":"http:\/\/www.ardae.ro\/?p=117"},"modified":"2013-10-05T15:45:14","modified_gmt":"2013-10-05T15:45:14","slug":"conferinta-fundamentele-dreptului-penal-al-uniunii-europene-17-mai-2013","status":"publish","type":"post","link":"http:\/\/www.ardae.ro\/?p=117","title":{"rendered":"Conferinta &#8220;Fundamentele dreptului penal al Uniunii Europene&#8221;, 17 mai 2013. UPDATE: VIDEO"},"content":{"rendered":"<div style=\"text-align: justify;\"><b><br \/>\n<!--more-->Conferinta &#8220;Fundamentele dreptului penal al Uniunii Europene&#8221;, 17 mai 2013<\/b><\/div>\n<p style=\"text-align: justify;\"><span style=\"font-size: small;\"><span style=\"font-family: georgia, serif;\">\u00a0<\/span><\/span><\/p>\n<div style=\"text-align: justify;\">\n<div dir=\"ltr\">Universitatea Nicolae Titulescu organizeaza in data de 17 mai 2013, la Sala Senatului, incepand cu orele 11.30, Conferinta &#8220;Fundamentele dreptului penal al Uniunii Europene&#8221;.<br \/>\nProgramul Conferin\u021bei:1.\u00a0\u00a0\u00a0\u00a0\u00a0Mirela Gorunescu \u2013 Principiul \u201dne bis in idem\u201d \u00een jurispruden\u021ba CJUE \u00een materie penal\u01032.\u00a0\u00a0\u00a0\u00a0\u00a0Norel Neagu \u2013 Principiul egalit\u0103\u021bii \u0219i nediscrimin\u0103rii \u00een jurispruden\u021ba CJUE \u00een materie penal\u01033.\u00a0\u00a0\u00a0\u00a0\u00a0Mircea Damaschin \u2013 Dreptul la ap\u0103rare, mandatul european de arestare \u0219i jurispruden\u021ba CJUE \u00een materie penal\u01034.\u00a0\u00a0\u00a0\u00a0\u00a0Mihai Hotca \u2013 Obliga\u021bia de informare \u0219i jurispruden\u021ba CJUE \u00een materia sp\u0103l\u0103rii banilor5.\u00a0\u00a0\u00a0\u00a0\u00a0Norel Neagu \u2013 Principiul specialit\u0103\u021bii \u00een jurispruden\u021ba CJUE \u00een materie penal\u01036.\u00a0\u00a0\u00a0\u00a0\u00a0Lamya-Diana Al-Kawadri \u2013 Principiul eficien\u021bei \u0219i jurispruden\u021ba CJUE \u00een materie penal\u0103Conferinta se adreseaza atat teoreticienilor, cat si practicienilor. Numar de locuri: 30. Nu se percepe taxa de participare. Pentru inscrieri va rugam sa ne contactati la adresa\u00a0<a href=\"mailto:norel.neagu@univnt.ro\" target=\"_blank\">norel.neagu@univnt.ro<\/a>.<\/p>\n<p>Partener: Asociatia romana de drept si afaceri europene &#8211; ARDAE<\/p>\n<p>Partener media: JURIDICE.ro<\/p>\n<p>Video (<a href=\"http:\/\/www.youtube.com\/watch?v=v0q5rLAK0J4\" target=\"_blank\">1<\/a>) sau (<a href=\"http:\/\/www.youtube.com\/watch?v=10Vb2f0qxRo\" target=\"_blank\">2<\/a>)<\/p>\n<\/div>\n<\/div>\n","protected":false},"excerpt":{"rendered":"","protected":false},"author":1,"featured_media":0,"comment_status":"open","ping_status":"open","sticky":false,"template":"","format":"standard","meta":{"footnotes":""},"categories":[56,48,3],"tags":[],"class_list":["post-117","post","type-post","status-publish","format-standard","hentry","category-cultura-dreptului-european","category-evenimente","category-proiecteprojects"],"_links":{"self":[{"href":"http:\/\/www.ardae.ro\/index.php?rest_route=\/wp\/v2\/posts\/117"}],"collection":[{"href":"http:\/\/www.ardae.ro\/index.php?rest_route=\/wp\/v2\/posts"}],"about":[{"href":"http:\/\/www.ardae.ro\/index.php?rest_route=\/wp\/v2\/types\/post"}],"author":[{"embeddable":true,"href":"http:\/\/www.ardae.ro\/index.php?rest_route=\/wp\/v2\/users\/1"}],"replies":[{"embeddable":true,"href":"http:\/\/www.ardae.ro\/index.php?rest_route=%2Fwp%2Fv2%2Fcomments&post=117"}],"version-history":[{"count":9,"href":"http:\/\/www.ardae.ro\/index.php?rest_route=\/wp\/v2\/posts\/117\/revisions"}],"predecessor-version":[{"id":284,"href":"http:\/\/www.ardae.ro\/index.php?rest_route=\/wp\/v2\/posts\/117\/revisions\/284"}],"wp:attachment":[{"href":"http:\/\/www.ardae.ro\/index.php?rest_route=%2Fwp%2Fv2%2Fmedia&parent=117"}],"wp:term":[{"taxonomy":"category","embeddable":true,"href":"http:\/\/www.ardae.ro\/index.php?rest_route=%2Fwp%2Fv2%2Fcategories&post=117"},{"taxonomy":"post_tag","embeddable":true,"href":"http:\/\/www.ardae.ro\/index.php?rest_route=%2Fwp%2Fv2%2Ftags&post=117"}],"curies":[{"name":"wp","href":"https:\/\/api.w.org\/{rel}","templated":true}]}}