{"id":1131,"date":"2012-11-08T13:40:44","date_gmt":"2012-11-08T13:40:44","guid":{"rendered":"http:\/\/www.ardae.ro\/?p=1131"},"modified":"2014-11-08T13:47:04","modified_gmt":"2014-11-08T13:47:04","slug":"evelina-oprina","status":"publish","type":"post","link":"http:\/\/www.ardae.ro\/?p=1131","title":{"rendered":"Evelina Oprina"},"content":{"rendered":"<p><!--more--><\/p>\n<p><strong><a href=\"http:\/\/www.ardae.ro\/wp-content\/uploads\/Evelina-Oprina.jpg\"><img loading=\"lazy\" decoding=\"async\" class=\"alignleft size-thumbnail wp-image-1132\" alt=\"Evelina-Oprina\" src=\"http:\/\/www.ardae.ro\/wp-content\/uploads\/Evelina-Oprina-150x150.jpg\" width=\"150\" height=\"150\" \/><\/a><\/strong><\/p>\n<p><strong>Evelina OPRINA<\/strong>\u00a0este profesor universitar dr. la Facultatea de \u015etiin\u0163e Juridice \u015fi Administrative din cadrul Universit\u0103\u0163ii Cre\u015ftine \u201eDimitrie Cantemir\u201d din Bucure\u015fti, la disciplinele drept procesual civil \u015fi drept execu\u0163ional civil.<\/p>\n<p>Din anul 2004 este judec\u0103tor, \u00een prezent fiind pre\u015fedintele Tribunalului Ilfov.<\/p>\n<p>Este redactor-\u015fef al Revistei rom\u00e2ne de executare silit\u0103, lector la Centrul Na\u0163ional de Preg\u0103tire \u015fi Perfec\u0163ionare al Executorilor Judec\u0103tore\u015fti \u015fi cercet\u0103tor asociat \u00een cadrul Centrului de Studii de Drept European al Institutului de Cercet\u0103ri Juridice \u201eAndrei R\u0103dulescu\u201d al Academiei Rom\u00e2ne.<\/p>\n<p>A publicat numeroase lucr\u0103ri \u015fi studii \u00een domeniul dreptului procesual civil, dintre care amintim:<br \/>\n\u2013\u00a0<em>Tratat teoretic \u015fi practic de executare silit\u0103<\/em><em>,\u00a0<\/em><em>Volumul I \u2013 Teoria general\u0103 \u015fi procedurile execu\u0163ionale<\/em><em>, Volumul II \u2013 Explica\u0163ii, cereri, modele<\/em><em>,\u00a0<\/em>Editura Universul Juridic, Bucure\u015fti, 2013, \u00een coautorat cu Ioan G\u00e2rbule\u0163;<br \/>\n<em>&#8211; Noul Cod de procedur\u0103 civil\u0103 adnotat cu comentarii CEDO, dispozi\u0163ii procedurale din Noul Cod civil \u015fi din legi speciale, coresponden\u0163\u0103 cu reglement\u0103rile anterioare<\/em>, Ed. Rosetti Interna\u0163ional, Bucure\u015fti, 2013, \u00een coautorat cu Drago\u015f Bogdan, Gabriela Florescu, Ioan Doru Bunduc, Cristian-Paul Lospa;<br \/>\n&#8211;<em>\u00a0Noul Cod civil. Comentarii, doctrin\u0103 \u015fi jurispruden\u0163\u0103, vol. III. Art. 1650-2664. Contracte speciale. Privilegii \u015fi garan\u0163ii. Prescrip\u0163ia extinctiv\u0103. Drept interna\u0163ional privat<\/em>, Ed. Hamangiu, Bucure\u015fti, 2012,pp. 830-893;<br \/>\n\u2013\u00a0<em>Executarea silit\u0103 \u00een procesul civil<\/em>, Editura Universul Juridic, Bucure\u015fti, edi\u0163ii 2007, 2008, 2009, 2011;<br \/>\n\u2013\u00a0<em>Codul de procedur\u0103 civil\u0103 adnotat cu dispozi\u0163ii procedurale din Noul Cod civil \u015fi din legi speciale, decizii ale Cur\u0163ii Constitu\u0163ionale \u015fi decizii ale \u00cenaltei Cur\u0163i de Casa\u0163ie \u015fi Justi\u0163ie<\/em>, Ed. Rosetti Interna\u0163ional, Bucure\u015fti, 2011, \u00een coautorat cu Gabriela Florescu;<br \/>\n\u2013\u00a0<em>Institu\u0163ii de drept procesual civil<\/em>, 2 vol., Editura Universul Juridic, Bucure\u015fti, 2010;<br \/>\n\u2013\u00a0<em>Participan\u0163ii la procesul civil<\/em>, Editura Rosetti, Bucure\u015fti, 2005.<\/p>\n<p>A mai publicat, \u00een calitate de autor sau coautor, peste 40 de articole, studii, note \u015fi comentarii \u00een diferite reviste de specialitate juridic\u0103.<\/p>\n<p>A participat la elaborarea Proiectului de Lege pentru punerea \u00een aplicare a noului Cod de procedur\u0103 civil\u0103 \u015fi este coordonator al Colec\u0163iei\u00a0<em>Noul Cod de procedur\u0103 civil\u0103<\/em>, editat\u0103 de Editura Universul Juridic.<\/p>\n<p>I s-a conferit premiul\u00a0<em>Istrate Micescu<\/em>\u00a0de c\u0103tre Uniunea Juri\u015ftilor din Rom\u00e2nia pentru lucrarea<em>Participan\u0163ii la procesul civil<\/em>\u00a0\u00een anul 2005, premiul\u00a0<em>I.L. Georgescu<\/em>\u00a0de c\u0103tre Uniunea Juri\u015ftilor din Rom\u00e2nia pentru lucrarea\u00a0<em>Tratat teoretic \u015fi practic de executare silit\u0103<\/em>, vol. I \u2013 II, \u00een anul 2013 \u015fi premiul\u00a0<em>Savelly Zilberstein<\/em>\u00a0pentru cel mai bun studiu publicat \u00een Revista rom\u00e2n\u0103 de executare silit\u0103 \u00een anul 2011.<\/p>\n<p>A participat \u015fi a sus\u0163inut numeroase conferin\u0163e interne \u015fi interna\u0163ionale \u00een acest domeniu.<\/p>\n<p>Este membru aderent ARDAE &#8211; Asociatia romana de drept si afaceri europene din 14 ianuarie 2014.<\/p>\n","protected":false},"excerpt":{"rendered":"","protected":false},"author":1,"featured_media":0,"comment_status":"closed","ping_status":"open","sticky":false,"template":"","format":"standard","meta":{"footnotes":""},"categories":[10],"tags":[],"class_list":["post-1131","post","type-post","status-publish","format-standard","hentry","category-membri-aderenti"],"_links":{"self":[{"href":"http:\/\/www.ardae.ro\/index.php?rest_route=\/wp\/v2\/posts\/1131"}],"collection":[{"href":"http:\/\/www.ardae.ro\/index.php?rest_route=\/wp\/v2\/posts"}],"about":[{"href":"http:\/\/www.ardae.ro\/index.php?rest_route=\/wp\/v2\/types\/post"}],"author":[{"embeddable":true,"href":"http:\/\/www.ardae.ro\/index.php?rest_route=\/wp\/v2\/users\/1"}],"replies":[{"embeddable":true,"href":"http:\/\/www.ardae.ro\/index.php?rest_route=%2Fwp%2Fv2%2Fcomments&post=1131"}],"version-history":[{"count":2,"href":"http:\/\/www.ardae.ro\/index.php?rest_route=\/wp\/v2\/posts\/1131\/revisions"}],"predecessor-version":[{"id":1134,"href":"http:\/\/www.ardae.ro\/index.php?rest_route=\/wp\/v2\/posts\/1131\/revisions\/1134"}],"wp:attachment":[{"href":"http:\/\/www.ardae.ro\/index.php?rest_route=%2Fwp%2Fv2%2Fmedia&parent=1131"}],"wp:term":[{"taxonomy":"category","embeddable":true,"href":"http:\/\/www.ardae.ro\/index.php?rest_route=%2Fwp%2Fv2%2Fcategories&post=1131"},{"taxonomy":"post_tag","embeddable":true,"href":"http:\/\/www.ardae.ro\/index.php?rest_route=%2Fwp%2Fv2%2Ftags&post=1131"}],"curies":[{"name":"wp","href":"https:\/\/api.w.org\/{rel}","templated":true}]}}