{"id":1119,"date":"2012-11-07T07:57:45","date_gmt":"2012-11-07T07:57:45","guid":{"rendered":"http:\/\/www.ardae.ro\/?p=1119"},"modified":"2019-01-04T07:37:48","modified_gmt":"2019-01-04T07:37:48","slug":"dragos-calin","status":"publish","type":"post","link":"http:\/\/www.ardae.ro\/?p=1119","title":{"rendered":"Dragos Calin"},"content":{"rendered":"<p><!--more--><\/p>\n<p><a href=\"http:\/\/www.ardae.ro\/wp-content\/uploads\/Dragos-Calin-BV.jpg\"><img loading=\"lazy\" decoding=\"async\" class=\"alignleft size-thumbnail wp-image-1329\" src=\"http:\/\/www.ardae.ro\/wp-content\/uploads\/Dragos-Calin-BV-150x90.jpg\" alt=\"Dragos Calin BV\" width=\"150\" height=\"90\" \/><\/a><\/p>\n<p class=\"m_750952260885232998ydpad36fc73MsoNormal\"><b>Drago\u015f C\u0102LIN<\/b><\/p>\n<p class=\"m_750952260885232998ydpad36fc73MsoNormal\">Este doctor \u00een drept al Universit\u0103\u0163ii Bucure\u015fti cu teza de doctorat \u201eRegimul juridic al societ\u0163ilor de investi\u0163ii\u201d (2013) \u015fi consilier juridic al S.I.F. Transilvania.<\/p>\n<p class=\"m_750952260885232998ydpad36fc73MsoNormal\">\u00cen completarea experien\u0163ei profesionale este arbitru pe lista Cur\u0163ii de Arbitraj Comercial Interna\u0163ional de pe l\u00e2ng\u0103 Camera de Comer\u0163 \u015fi Industrie a Rom\u00e2niei \u015fi pe lista Cur\u0163ii de Arbitraj de pe l\u00e2ng\u0103 Camera de Comer\u0163 Bra\u015fov.<\/p>\n<p class=\"m_750952260885232998ydpad36fc73MsoNormal\">Nu \u00een ultimul r\u00e2nd, Drago\u015f C\u0102LIN este membru \u00een colegiul de redac\u0163ie al unor reviste de specialitare \u015fi autor de carte juridic\u0103, articole \u015fi comentarii de jurispruden\u0163\u0103 \u00een domenul dreptului societar, dreptul pie\u0163ei de capital.<\/p>\n<p class=\"m_750952260885232998ydpad36fc73MsoNormal\">\n<p class=\"m_750952260885232998ydpad36fc73MsoNormal\"><span lang=\"EN\">He is a Ph.D. in Law of the University of Bucharest with the Ph.D. thesis &#8220;The Legal Regime of the Investment Companies&#8221; (2013) and legal advisor of S.I.F. Transilvania.<\/span><\/p>\n<p class=\"m_750952260885232998ydpad36fc73MsoNormal\"><span lang=\"EN\">\u00a0<\/span><\/p>\n<p class=\"m_750952260885232998ydpad36fc73MsoNormal\"><span lang=\"EN\">In addition to his professional experience, he is an arbitrator on the list of the International Commercial Arbitration Court attached to the Chamber of Commerce and Industry of Romania and on the list of the Arbitration Court attached to the Brasov Chamber of Commerce.<\/span><\/p>\n<p class=\"m_750952260885232998ydpad36fc73MsoNormal\"><span lang=\"EN\">\u00a0<\/span><\/p>\n<p class=\"m_750952260885232998ydpad36fc73MsoNormal\"><span lang=\"EN\">Last but not least, Drago\u015f C\u0102LIN is a member of the editorial board of specialty journals and author of legal books, articles and commentary on jurisprudence in the field of corporate law, capital market law.<\/span><\/p>\n<p class=\"m_750952260885232998ydpad36fc73MsoNormal\">\n<p>Este membru aderent ARDAE &#8211; Asociatia romana de drept si afaceri europene din 14 ianuarie 2014.<\/p>\n<p><strong>**************<\/strong><\/p>\n<p><strong>Revista <\/strong><a href=\"http:\/\/iaduer.ro\/\"><em>Afaceri juridice europene<\/em><\/a><a href=\"http:\/\/iaduer.ro\/?p=1285\" target=\"_blank\" rel=\"noopener\"><br \/>\n<\/a><\/p>\n<p><strong>IADUER<\/strong>\u00a0\u2013 interpretarea si aplicarea dreptului Uniunii Europene in Romania \u2013\u00a0<a href=\"http:\/\/iaduer.ro\/?p=162\" target=\"_blank\" rel=\"noopener\">Lista trimiterilor preliminare din Romania, inregistrate la CJUE<\/a><\/p>\n<p><a href=\"http:\/\/www.csde.ro\/?p=3292\" target=\"_blank\" rel=\"noopener\">2019 Proiectul Centrului de Studii de Drept European &#8211; Aspecte privind aplicarea Regulamentului nr. 679 din 2016 privind protec\u021bia datelor cu caracter personal<\/a><\/p>\n<p><a href=\"http:\/\/www.csde.ro\/?page_id=2038\" target=\"_blank\" rel=\"noopener\">Dialog &amp; forum Drept si afaceri europene in Romania<\/a><\/p>\n<p><span style=\"color: #ff0000;\"><strong><a href=\"http:\/\/www.ardae.ro\/?p=47\" target=\"_blank\" rel=\"noopener\">Dobandirea calitatii de membru aderent<\/a><\/strong><\/span><\/p>\n<p><a href=\"http:\/\/www.ardae.ro\/?p=436\" target=\"_blank\" rel=\"noopener\"><strong>Lista membri aderenti ARDAE &#8211; Asociatia romana de drept si afaceri europene<\/strong><\/a><\/p>\n","protected":false},"excerpt":{"rendered":"","protected":false},"author":1,"featured_media":0,"comment_status":"closed","ping_status":"open","sticky":false,"template":"","format":"standard","meta":{"footnotes":""},"categories":[10],"tags":[],"class_list":["post-1119","post","type-post","status-publish","format-standard","hentry","category-membri-aderenti"],"_links":{"self":[{"href":"http:\/\/www.ardae.ro\/index.php?rest_route=\/wp\/v2\/posts\/1119"}],"collection":[{"href":"http:\/\/www.ardae.ro\/index.php?rest_route=\/wp\/v2\/posts"}],"about":[{"href":"http:\/\/www.ardae.ro\/index.php?rest_route=\/wp\/v2\/types\/post"}],"author":[{"embeddable":true,"href":"http:\/\/www.ardae.ro\/index.php?rest_route=\/wp\/v2\/users\/1"}],"replies":[{"embeddable":true,"href":"http:\/\/www.ardae.ro\/index.php?rest_route=%2Fwp%2Fv2%2Fcomments&post=1119"}],"version-history":[{"count":6,"href":"http:\/\/www.ardae.ro\/index.php?rest_route=\/wp\/v2\/posts\/1119\/revisions"}],"predecessor-version":[{"id":3702,"href":"http:\/\/www.ardae.ro\/index.php?rest_route=\/wp\/v2\/posts\/1119\/revisions\/3702"}],"wp:attachment":[{"href":"http:\/\/www.ardae.ro\/index.php?rest_route=%2Fwp%2Fv2%2Fmedia&parent=1119"}],"wp:term":[{"taxonomy":"category","embeddable":true,"href":"http:\/\/www.ardae.ro\/index.php?rest_route=%2Fwp%2Fv2%2Fcategories&post=1119"},{"taxonomy":"post_tag","embeddable":true,"href":"http:\/\/www.ardae.ro\/index.php?rest_route=%2Fwp%2Fv2%2Ftags&post=1119"}],"curies":[{"name":"wp","href":"https:\/\/api.w.org\/{rel}","templated":true}]}}